{"id":1442,"date":"2009-09-13T19:08:18","date_gmt":"2009-09-13T17:08:18","guid":{"rendered":"http:\/\/www.rsom.wak.th.schule.de\/wordpress\/?p=1442"},"modified":"2009-09-14T10:13:35","modified_gmt":"2009-09-14T08:13:35","slug":"berufungsurkunden-an-die-schlervertretung","status":"publish","type":"post","link":"http:\/\/schlossparkschule-marksuhl.de\/?p=1442","title":{"rendered":"Berufungsurkunden an die Sch&uuml;lervertretung"},"content":{"rendered":"<p>W\u00e4hrend der Klassensprecherversammlung am 04. September erhielten alle Klassensprecher und die Mitglieder des Sch\u00fclerrates ihre Berufungsurkunden.<\/p>\n<p>11 Sch\u00fcler unserer Schulgemeinschaft sind unter Leitung der Sch\u00fclersprecherin Jana Hildebrandt bereit, Verantwortung zu \u00fcbernehmen. <\/p>\n<p><img loading=\"lazy\" decoding=\"async\" title=\"SV 023\" style=\"border-right: 0px; border-top: 0px; display: inline; border-left: 0px; border-bottom: 0px\" height=\"460\" alt=\"SV 023\" src=\"http:\/\/www.schlossparkschule-marksuhl.de\/wp-content\/sv023.jpg\" width=\"607\" border=\"0\" \/> <\/p>\n<p>F\u00fcr die bevorstehenden Aufgaben w\u00fcnschen wir allen viel Erfolg und freuen uns auf eine gute Zusammenarbeit die in den H\u00e4nden der Vertrauenslehrerin Frau D\u00f6bel liegt.<\/p>\n","protected":false},"excerpt":{"rendered":"<p>W\u00e4hrend der Klassensprecherversammlung am 04. September erhielten alle Klassensprecher und die Mitglieder des Sch\u00fclerrates ihre Berufungsurkunden. 11 Sch\u00fcler unserer Schulgemeinschaft sind unter Leitung der Sch\u00fclersprecherin Jana Hildebrandt bereit, Verantwortung zu \u00fcbernehmen. F\u00fcr die bevorstehenden Aufgaben w\u00fcnschen wir allen viel Erfolg &hellip; <a class=\"kt-excerpt-readmore more-link\" href=\"http:\/\/schlossparkschule-marksuhl.de\/?p=1442\">Read More<\/a><\/p>\n","protected":false},"author":1,"featured_media":0,"comment_status":"open","ping_status":"open","sticky":false,"template":"","format":"standard","meta":{"_jetpack_memberships_contains_paid_content":false,"footnotes":""},"categories":[25,3],"tags":[],"class_list":["post-1442","post","type-post","status-publish","format-standard","hentry","category-schulervertretung","category-schulleitung"],"jetpack_featured_media_url":"","jetpack_sharing_enabled":true,"_links":{"self":[{"href":"http:\/\/schlossparkschule-marksuhl.de\/index.php?rest_route=\/wp\/v2\/posts\/1442","targetHints":{"allow":["GET"]}}],"collection":[{"href":"http:\/\/schlossparkschule-marksuhl.de\/index.php?rest_route=\/wp\/v2\/posts"}],"about":[{"href":"http:\/\/schlossparkschule-marksuhl.de\/index.php?rest_route=\/wp\/v2\/types\/post"}],"author":[{"embeddable":true,"href":"http:\/\/schlossparkschule-marksuhl.de\/index.php?rest_route=\/wp\/v2\/users\/1"}],"replies":[{"embeddable":true,"href":"http:\/\/schlossparkschule-marksuhl.de\/index.php?rest_route=%2Fwp%2Fv2%2Fcomments&post=1442"}],"version-history":[{"count":0,"href":"http:\/\/schlossparkschule-marksuhl.de\/index.php?rest_route=\/wp\/v2\/posts\/1442\/revisions"}],"wp:attachment":[{"href":"http:\/\/schlossparkschule-marksuhl.de\/index.php?rest_route=%2Fwp%2Fv2%2Fmedia&parent=1442"}],"wp:term":[{"taxonomy":"category","embeddable":true,"href":"http:\/\/schlossparkschule-marksuhl.de\/index.php?rest_route=%2Fwp%2Fv2%2Fcategories&post=1442"},{"taxonomy":"post_tag","embeddable":true,"href":"http:\/\/schlossparkschule-marksuhl.de\/index.php?rest_route=%2Fwp%2Fv2%2Ftags&post=1442"}],"curies":[{"name":"wp","href":"https:\/\/api.w.org\/{rel}","templated":true}]}}