{"id":1443,"date":"2009-09-13T19:08:55","date_gmt":"2009-09-13T17:08:55","guid":{"rendered":"http:\/\/www.rsom.wak.th.schule.de\/wordpress\/?p=1443"},"modified":"2009-09-14T10:04:44","modified_gmt":"2009-09-14T08:04:44","slug":"infomobil-m-e-macht-zum-3-mal-station","status":"publish","type":"post","link":"http:\/\/schlossparkschule-marksuhl.de\/?p=1443","title":{"rendered":"Infomobil M + E macht zum 3. Mal Station"},"content":{"rendered":"<p>Das Infomobil f\u00fcr Metall und Elektrotechnik machte am 07. September zum 3. Mal Station an unserer Schule. Sch\u00fclerinnen und Sch\u00fcler der Klassenstufen 8 und 9 und teilweise auch aus Klasse 10 nutzten die M\u00f6glichkeit sich \u00fcber Berufsbilder in der Metall- und Elektrobranche zu informieren.<\/p>\n<p align=\"center\"><img loading=\"lazy\" decoding=\"async\" title=\"Infotruck 003\" style=\"border-right: 0px; border-top: 0px; display: inline; border-left: 0px; border-bottom: 0px\" height=\"200\" alt=\"Infotruck 003\" src=\"http:\/\/www.schlossparkschule-marksuhl.de\/wp-content\/infotruck003.jpg\" width=\"260\" border=\"0\" \/> <img loading=\"lazy\" decoding=\"async\" title=\"Infotruck 005\" style=\"border-right: 0px; border-top: 0px; display: inline; border-left: 0px; border-bottom: 0px\" height=\"200\" alt=\"Infotruck 005\" src=\"http:\/\/www.schlossparkschule-marksuhl.de\/wp-content\/infotruck005.jpg\" width=\"260\" border=\"0\" \/> <\/p>\n<p align=\"center\"><img loading=\"lazy\" decoding=\"async\" title=\"Infotruck 009\" style=\"border-right: 0px; border-top: 0px; display: inline; border-left: 0px; border-bottom: 0px\" height=\"200\" alt=\"Infotruck 009\" src=\"http:\/\/www.schlossparkschule-marksuhl.de\/wp-content\/infotruck009.jpg\" width=\"260\" border=\"0\" \/> <img loading=\"lazy\" decoding=\"async\" title=\"Infotruck 007\" style=\"border-right: 0px; border-top: 0px; display: inline; border-left: 0px; border-bottom: 0px\" height=\"200\" alt=\"Infotruck 007\" src=\"http:\/\/www.schlossparkschule-marksuhl.de\/wp-content\/infotruck007.jpg\" width=\"260\" border=\"0\" \/><\/p>\n","protected":false},"excerpt":{"rendered":"<p>Das Infomobil f\u00fcr Metall und Elektrotechnik machte am 07. September zum 3. Mal Station an unserer Schule. Sch\u00fclerinnen und Sch\u00fcler der Klassenstufen 8 und 9 und teilweise auch aus Klasse 10 nutzten die M\u00f6glichkeit sich \u00fcber Berufsbilder in der Metall- &hellip; <a class=\"kt-excerpt-readmore more-link\" href=\"http:\/\/schlossparkschule-marksuhl.de\/?p=1443\">Read More<\/a><\/p>\n","protected":false},"author":1,"featured_media":0,"comment_status":"open","ping_status":"open","sticky":false,"template":"","format":"standard","meta":{"_jetpack_memberships_contains_paid_content":false,"footnotes":""},"categories":[16],"tags":[],"class_list":["post-1443","post","type-post","status-publish","format-standard","hentry","category-berufsvorbereitung"],"jetpack_featured_media_url":"","jetpack_sharing_enabled":true,"_links":{"self":[{"href":"http:\/\/schlossparkschule-marksuhl.de\/index.php?rest_route=\/wp\/v2\/posts\/1443","targetHints":{"allow":["GET"]}}],"collection":[{"href":"http:\/\/schlossparkschule-marksuhl.de\/index.php?rest_route=\/wp\/v2\/posts"}],"about":[{"href":"http:\/\/schlossparkschule-marksuhl.de\/index.php?rest_route=\/wp\/v2\/types\/post"}],"author":[{"embeddable":true,"href":"http:\/\/schlossparkschule-marksuhl.de\/index.php?rest_route=\/wp\/v2\/users\/1"}],"replies":[{"embeddable":true,"href":"http:\/\/schlossparkschule-marksuhl.de\/index.php?rest_route=%2Fwp%2Fv2%2Fcomments&post=1443"}],"version-history":[{"count":0,"href":"http:\/\/schlossparkschule-marksuhl.de\/index.php?rest_route=\/wp\/v2\/posts\/1443\/revisions"}],"wp:attachment":[{"href":"http:\/\/schlossparkschule-marksuhl.de\/index.php?rest_route=%2Fwp%2Fv2%2Fmedia&parent=1443"}],"wp:term":[{"taxonomy":"category","embeddable":true,"href":"http:\/\/schlossparkschule-marksuhl.de\/index.php?rest_route=%2Fwp%2Fv2%2Fcategories&post=1443"},{"taxonomy":"post_tag","embeddable":true,"href":"http:\/\/schlossparkschule-marksuhl.de\/index.php?rest_route=%2Fwp%2Fv2%2Ftags&post=1443"}],"curies":[{"name":"wp","href":"https:\/\/api.w.org\/{rel}","templated":true}]}}