{"id":1491,"date":"2009-09-19T14:23:25","date_gmt":"2009-09-19T12:23:25","guid":{"rendered":"http:\/\/www.rsom.wak.th.schule.de\/wordpress\/?p=1491"},"modified":"2009-09-19T14:23:25","modified_gmt":"2009-09-19T12:23:25","slug":"jena-wir-kommen","status":"publish","type":"post","link":"http:\/\/schlossparkschule-marksuhl.de\/?p=1491","title":{"rendered":"Jena wir kommen &hellip;"},"content":{"rendered":"<p>am 09. September war es endlich soweit. Wir starteten bei herrlichem Sonnenschein unsere erste Exkursion im Schuljahr 2009\/10. <\/p>\n<p>Gemeinsam mit den Sch\u00fclern der Klasse 10 fuhren wir mit dem Reiseunternehmen Rh\u00f6nsegler nach Jena.<\/p>\n<p>Als Erstes besuchten wir das Planetarium. W\u00e4hrend der Vorstellung hatten wir zwischenzeitlich das Gef\u00fchl zu fliegen und ein Grummeln im Bauch machte sich bei einigen bemerkbar.<\/p>\n<p align=\"center\"><img loading=\"lazy\" decoding=\"async\" title=\"Imaginata 061\" style=\"border-right: 0px; border-top: 0px; display: inline; border-left: 0px; border-bottom: 0px\" height=\"202\" alt=\"Imaginata 061\" src=\"http:\/\/www.schlossparkschule-marksuhl.de\/wp-content\/imaginata061.jpg\" width=\"156\" border=\"0\" \/> <img loading=\"lazy\" decoding=\"async\" title=\"Imaginata 007\" style=\"border-right: 0px; border-top: 0px; display: inline; border-left: 0px; border-bottom: 0px\" height=\"200\" alt=\"Imaginata 007\" src=\"http:\/\/www.schlossparkschule-marksuhl.de\/wp-content\/imaginata007.jpg\" width=\"260\" border=\"0\" \/> <img loading=\"lazy\" decoding=\"async\" title=\"Imaginata 028\" style=\"border-right: 0px; border-top: 0px; display: inline; border-left: 0px; border-bottom: 0px\" height=\"200\" alt=\"Imaginata 028\" src=\"http:\/\/www.schlossparkschule-marksuhl.de\/wp-content\/imaginata028.jpg\" width=\"260\" border=\"0\" \/> <img loading=\"lazy\" decoding=\"async\" title=\"Imaginata 033\" style=\"border-right: 0px; border-top: 0px; display: inline; border-left: 0px; border-bottom: 0px\" height=\"202\" alt=\"Imaginata 033\" src=\"http:\/\/www.schlossparkschule-marksuhl.de\/wp-content\/imaginata033.jpg\" width=\"156\" border=\"0\" \/><\/p>\n<p>Die anschlie\u00dfende Freizeit in der Stadt wurde ausgiebig genutzt. Bummeln, Eis essen oder \u2026. Kristian, Benjamin und Max machten ihr eigenes Ding. Sie hatten Hunger und kehrten bei <\/p>\n<p>Mc Donalds ein.<\/p>\n<p>Um 13.00 Uhr wartete der Themenpark der Imaginata auf uns. Christoph &#8211; ein Student aus Jena, f\u00fchrte uns durch den Park.<\/p>\n<p align=\"center\"><img loading=\"lazy\" decoding=\"async\" title=\"Imaginata 036\" style=\"border-right: 0px; border-top: 0px; display: inline; border-left: 0px; border-bottom: 0px\" height=\"200\" alt=\"Imaginata 036\" src=\"http:\/\/www.schlossparkschule-marksuhl.de\/wp-content\/imaginata036.jpg\" width=\"260\" border=\"0\" \/><img loading=\"lazy\" decoding=\"async\" title=\"Imaginata 038\" style=\"border-right: 0px; border-top: 0px; display: inline; border-left: 0px; border-bottom: 0px\" height=\"200\" alt=\"Imaginata 038\" src=\"http:\/\/www.schlossparkschule-marksuhl.de\/wp-content\/imaginata038.jpg\" width=\"260\" border=\"0\" \/><\/p>\n<p>Besonders viel Spa\u00df hatten wir in der Halle. Egal ob jonglieren, malen, bauen, klettern &#8211; alles wurde ausprobiert. Bisher unentdeckte Talente kamen zum Vorschein!<\/p>\n<p>Ganz mutige unter uns wagten eine Fahrradtour in luftiger H\u00f6he.<\/p>\n<p>Leider verging die Zeit viel zu schnell und nicht jeder hatte die M\u00f6glichkeit alles auszuprobieren.<\/p>\n<p>Ich denke, es war f\u00fcr alle ein sch\u00f6ner Tag der uns noch lange in Erinnerung bleibt.<\/p>\n","protected":false},"excerpt":{"rendered":"<p>am 09. September war es endlich soweit. Wir starteten bei herrlichem Sonnenschein unsere erste Exkursion im Schuljahr 2009\/10. Gemeinsam mit den Sch\u00fclern der Klasse 10 fuhren wir mit dem Reiseunternehmen Rh\u00f6nsegler nach Jena. Als Erstes besuchten wir das Planetarium. W\u00e4hrend &hellip; <a class=\"kt-excerpt-readmore more-link\" href=\"http:\/\/schlossparkschule-marksuhl.de\/?p=1491\">Read More<\/a><\/p>\n","protected":false},"author":1,"featured_media":0,"comment_status":"open","ping_status":"open","sticky":false,"template":"","format":"standard","meta":{"_jetpack_memberships_contains_paid_content":false,"footnotes":""},"categories":[19,6],"tags":[],"class_list":["post-1491","post","type-post","status-publish","format-standard","hentry","category-exkursionen","category-facher"],"jetpack_featured_media_url":"","jetpack_sharing_enabled":true,"_links":{"self":[{"href":"http:\/\/schlossparkschule-marksuhl.de\/index.php?rest_route=\/wp\/v2\/posts\/1491","targetHints":{"allow":["GET"]}}],"collection":[{"href":"http:\/\/schlossparkschule-marksuhl.de\/index.php?rest_route=\/wp\/v2\/posts"}],"about":[{"href":"http:\/\/schlossparkschule-marksuhl.de\/index.php?rest_route=\/wp\/v2\/types\/post"}],"author":[{"embeddable":true,"href":"http:\/\/schlossparkschule-marksuhl.de\/index.php?rest_route=\/wp\/v2\/users\/1"}],"replies":[{"embeddable":true,"href":"http:\/\/schlossparkschule-marksuhl.de\/index.php?rest_route=%2Fwp%2Fv2%2Fcomments&post=1491"}],"version-history":[{"count":0,"href":"http:\/\/schlossparkschule-marksuhl.de\/index.php?rest_route=\/wp\/v2\/posts\/1491\/revisions"}],"wp:attachment":[{"href":"http:\/\/schlossparkschule-marksuhl.de\/index.php?rest_route=%2Fwp%2Fv2%2Fmedia&parent=1491"}],"wp:term":[{"taxonomy":"category","embeddable":true,"href":"http:\/\/schlossparkschule-marksuhl.de\/index.php?rest_route=%2Fwp%2Fv2%2Fcategories&post=1491"},{"taxonomy":"post_tag","embeddable":true,"href":"http:\/\/schlossparkschule-marksuhl.de\/index.php?rest_route=%2Fwp%2Fv2%2Ftags&post=1491"}],"curies":[{"name":"wp","href":"https:\/\/api.w.org\/{rel}","templated":true}]}}