{"id":1637,"date":"2009-11-23T19:08:53","date_gmt":"2009-11-23T17:08:53","guid":{"rendered":"http:\/\/www.rsom.wak.th.schule.de\/wordpress\/?p=1637"},"modified":"2009-11-23T19:08:53","modified_gmt":"2009-11-23T17:08:53","slug":"festessen","status":"publish","type":"post","link":"http:\/\/schlossparkschule-marksuhl.de\/?p=1637","title":{"rendered":"Festessen"},"content":{"rendered":"<\/p>\n<p>Am Freitag den 09.10.2009,vor den Herbstferien, hatte die Klasse 9 mit einem zwei G\u00e4nge Men\u00fc die ersten Schulwochen ausklingen lassen. Die Zubereitung des zwei G\u00e4nge Men\u00fcs hat 1 Stunde gedauert. Zubereitet haben es Maximilian M\u00e4urer, Kevin Gr\u00fcssing, Manuel Langlotz und Fabian Sch\u00e4fer. W\u00e4hrend dieser Zeit haben die M\u00e4dchen den Raum hergerichtet und die Tafel gedeckt. Es gab Gem\u00fcsereispfanne und Fr\u00fchst\u00fccksquark.<\/p>\n<p align=\"center\"><img loading=\"lazy\" decoding=\"async\" style=\"border-bottom: 0px; border-left: 0px; display: inline; border-top: 0px; border-right: 0px\" title=\"Kartoffelprojekt-22\" border=\"0\" alt=\"Kartoffelprojekt-22\" src=\"http:\/\/www.schlossparkschule-marksuhl.de\/wp-content\/kartoffelprojekt22.jpg\" width=\"260\" height=\"200\" \/> <img loading=\"lazy\" decoding=\"async\" style=\"border-bottom: 0px; border-left: 0px; display: inline; border-top: 0px; border-right: 0px\" title=\"Kartoffelprojekt-17\" border=\"0\" alt=\"Kartoffelprojekt-17\" src=\"http:\/\/www.schlossparkschule-marksuhl.de\/wp-content\/kartoffelprojekt17.jpg\" width=\"260\" height=\"200\" \/> <img loading=\"lazy\" decoding=\"async\" style=\"border-bottom: 0px; border-left: 0px; display: inline; border-top: 0px; border-right: 0px\" title=\"Kartoffelprojekt-19\" border=\"0\" alt=\"Kartoffelprojekt-19\" src=\"http:\/\/www.schlossparkschule-marksuhl.de\/wp-content\/kartoffelprojekt19.jpg\" width=\"260\" height=\"200\" \/> <img loading=\"lazy\" decoding=\"async\" style=\"border-bottom: 0px; border-left: 0px; display: inline; border-top: 0px; border-right: 0px\" title=\"Kartoffelprojekt-20\" border=\"0\" alt=\"Kartoffelprojekt-20\" src=\"http:\/\/www.schlossparkschule-marksuhl.de\/wp-content\/kartoffelprojekt20.jpg\" width=\"260\" height=\"200\" \/><\/p>\n","protected":false},"excerpt":{"rendered":"<p>Am Freitag den 09.10.2009,vor den Herbstferien, hatte die Klasse 9 mit einem zwei G\u00e4nge Men\u00fc die ersten Schulwochen ausklingen lassen. Die Zubereitung des zwei G\u00e4nge Men\u00fcs hat 1 Stunde gedauert. Zubereitet haben es Maximilian M\u00e4urer, Kevin Gr\u00fcssing, Manuel Langlotz und &hellip; <a class=\"kt-excerpt-readmore more-link\" href=\"http:\/\/schlossparkschule-marksuhl.de\/?p=1637\">Read More<\/a><\/p>\n","protected":false},"author":1,"featured_media":0,"comment_status":"open","ping_status":"open","sticky":false,"template":"","format":"standard","meta":{"_jetpack_memberships_contains_paid_content":false,"footnotes":""},"categories":[6,11],"tags":[],"class_list":["post-1637","post","type-post","status-publish","format-standard","hentry","category-facher","category-projekte"],"jetpack_featured_media_url":"","jetpack_sharing_enabled":true,"_links":{"self":[{"href":"http:\/\/schlossparkschule-marksuhl.de\/index.php?rest_route=\/wp\/v2\/posts\/1637","targetHints":{"allow":["GET"]}}],"collection":[{"href":"http:\/\/schlossparkschule-marksuhl.de\/index.php?rest_route=\/wp\/v2\/posts"}],"about":[{"href":"http:\/\/schlossparkschule-marksuhl.de\/index.php?rest_route=\/wp\/v2\/types\/post"}],"author":[{"embeddable":true,"href":"http:\/\/schlossparkschule-marksuhl.de\/index.php?rest_route=\/wp\/v2\/users\/1"}],"replies":[{"embeddable":true,"href":"http:\/\/schlossparkschule-marksuhl.de\/index.php?rest_route=%2Fwp%2Fv2%2Fcomments&post=1637"}],"version-history":[{"count":0,"href":"http:\/\/schlossparkschule-marksuhl.de\/index.php?rest_route=\/wp\/v2\/posts\/1637\/revisions"}],"wp:attachment":[{"href":"http:\/\/schlossparkschule-marksuhl.de\/index.php?rest_route=%2Fwp%2Fv2%2Fmedia&parent=1637"}],"wp:term":[{"taxonomy":"category","embeddable":true,"href":"http:\/\/schlossparkschule-marksuhl.de\/index.php?rest_route=%2Fwp%2Fv2%2Fcategories&post=1637"},{"taxonomy":"post_tag","embeddable":true,"href":"http:\/\/schlossparkschule-marksuhl.de\/index.php?rest_route=%2Fwp%2Fv2%2Ftags&post=1637"}],"curies":[{"name":"wp","href":"https:\/\/api.w.org\/{rel}","templated":true}]}}