{"id":1962,"date":"2010-05-02T16:42:58","date_gmt":"2010-05-02T14:42:58","guid":{"rendered":"http:\/\/www.rsom.wak.th.schule.de\/wordpress\/?p=1962"},"modified":"2010-05-02T16:42:58","modified_gmt":"2010-05-02T14:42:58","slug":"neue-mieter-im-falkenkasten","status":"publish","type":"post","link":"http:\/\/schlossparkschule-marksuhl.de\/?p=1962","title":{"rendered":"Neue Mieter im Falkenkasten"},"content":{"rendered":"<p>In den Osterferien war der Luftraum \u00fcber dem Schulgeb\u00e4ude Schauplatz einer harten Auseinandersetzung zwischen den schon im Vorjahr hier br\u00fctenden Falken und den benachbarten Dohlen vom Schlossturm. Ziel beider Parteien war die Brutm\u00f6glichkeit im Giebelfenster der Schule.<\/p>\n<p>Diesen Kampf haben die Turmfalken in diesem Jahr verloren und werden sich nun eine andere Brutm\u00f6glichkeit suchen m\u00fcssen. Denn im Kasten liegen in diesem Jahr keine Falkeneier, sondern 4 gr\u00fcnliche Dohleneier.<\/p>\n<p><img loading=\"lazy\" decoding=\"async\" style=\"border-bottom: 0px; border-left: 0px; display: inline; border-top: 0px; border-right: 0px\" title=\"Die Dohleneier\" border=\"0\" alt=\"Die Dohleneier\" src=\"http:\/\/www.schlossparkschule-marksuhl.de\/wp-content\/bearbeitet1.jpg\" width=\"402\" height=\"305\" \/> <img loading=\"lazy\" decoding=\"async\" style=\"border-bottom: 0px; border-left: 0px; display: inline; border-top: 0px; border-right: 0px\" title=\"Toller Ausblick f\u00fcr die V\u00f6gel...\" border=\"0\" alt=\"Toller Ausblick f\u00fcr die V\u00f6gel...\" src=\"http:\/\/www.schlossparkschule-marksuhl.de\/wp-content\/bearbeitet21.jpg\" width=\"214\" height=\"305\" \/> <\/p>\n<p>Die auch in diesem Jahr installierte Kamera wird uns hoffentlich sch\u00f6ne Bilder von der Aufzucht dieser interessanten Rabenv\u00f6gel bieten. <a href=\"http:\/\/de.wikipedia.org\/wiki\/Dohle_(Vogel)\" target=\"_blank\">Wer sich vorab schon einmal \u00fcber diese V\u00f6gel informieren m\u00f6chte, kann dies hier tun\u2026<\/a><\/p>\n","protected":false},"excerpt":{"rendered":"<p>In den Osterferien war der Luftraum \u00fcber dem Schulgeb\u00e4ude Schauplatz einer harten Auseinandersetzung zwischen den schon im Vorjahr hier br\u00fctenden Falken und den benachbarten Dohlen vom Schlossturm. Ziel beider Parteien war die Brutm\u00f6glichkeit im Giebelfenster der Schule. Diesen Kampf haben &hellip; <a class=\"kt-excerpt-readmore more-link\" href=\"http:\/\/schlossparkschule-marksuhl.de\/?p=1962\">Read More<\/a><\/p>\n","protected":false},"author":1,"featured_media":0,"comment_status":"open","ping_status":"open","sticky":false,"template":"","format":"standard","meta":{"_jetpack_memberships_contains_paid_content":false,"footnotes":""},"categories":[22],"tags":[],"class_list":["post-1962","post","type-post","status-publish","format-standard","hentry","category-falken-cam"],"jetpack_featured_media_url":"","jetpack_sharing_enabled":true,"_links":{"self":[{"href":"http:\/\/schlossparkschule-marksuhl.de\/index.php?rest_route=\/wp\/v2\/posts\/1962","targetHints":{"allow":["GET"]}}],"collection":[{"href":"http:\/\/schlossparkschule-marksuhl.de\/index.php?rest_route=\/wp\/v2\/posts"}],"about":[{"href":"http:\/\/schlossparkschule-marksuhl.de\/index.php?rest_route=\/wp\/v2\/types\/post"}],"author":[{"embeddable":true,"href":"http:\/\/schlossparkschule-marksuhl.de\/index.php?rest_route=\/wp\/v2\/users\/1"}],"replies":[{"embeddable":true,"href":"http:\/\/schlossparkschule-marksuhl.de\/index.php?rest_route=%2Fwp%2Fv2%2Fcomments&post=1962"}],"version-history":[{"count":0,"href":"http:\/\/schlossparkschule-marksuhl.de\/index.php?rest_route=\/wp\/v2\/posts\/1962\/revisions"}],"wp:attachment":[{"href":"http:\/\/schlossparkschule-marksuhl.de\/index.php?rest_route=%2Fwp%2Fv2%2Fmedia&parent=1962"}],"wp:term":[{"taxonomy":"category","embeddable":true,"href":"http:\/\/schlossparkschule-marksuhl.de\/index.php?rest_route=%2Fwp%2Fv2%2Fcategories&post=1962"},{"taxonomy":"post_tag","embeddable":true,"href":"http:\/\/schlossparkschule-marksuhl.de\/index.php?rest_route=%2Fwp%2Fv2%2Ftags&post=1962"}],"curies":[{"name":"wp","href":"https:\/\/api.w.org\/{rel}","templated":true}]}}