{"id":2116,"date":"2010-05-28T15:47:24","date_gmt":"2010-05-28T13:47:24","guid":{"rendered":"http:\/\/www.rsom.wak.th.schule.de\/wordpress\/?p=2116"},"modified":"2010-05-31T21:52:08","modified_gmt":"2010-05-31T19:52:08","slug":"wer-bcher-kauft-muss-bcher-lesen","status":"publish","type":"post","link":"http:\/\/schlossparkschule-marksuhl.de\/?p=2116","title":{"rendered":"Wer B&uuml;cher kauft, muss B&uuml;cher lesen&hellip;"},"content":{"rendered":"<p>&#8230; Und manche m\u00fcssen diese gelesenen Exemplare anderen vorstellen.<\/p>\n<p><img loading=\"lazy\" decoding=\"async\" style=\"border-bottom: 0px; border-left: 0px; display: inline; border-top: 0px; border-right: 0px\" title=\"JD801892\" border=\"0\" alt=\"JD801892\" src=\"http:\/\/www.schlossparkschule-marksuhl.de\/wp-content\/JD801892.jpg\" width=\"607\" height=\"460\" \/>&#160;&#160; <\/p>\n<p>So geschah es unseren Bucheink\u00e4ufern Ruben-Fabian Eisenhauer, Annemarie Luck, Karoline B\u00f6nicke, Anne-Kathrin Schwanethal, Sarah J\u00e4ger, Sarah Mey, Jill G\u00f6rbing, Annemarie Pfrogner und Tobias Weigel.<\/p>\n<p>Am Freitag, dem 28.05.10, stellten sie die B\u00fccher, die sie f\u00fcr die Gemeindebibliothek gekauft hatten, im Rahmen einer Buchvorstellung den Sch\u00fclern der Klasse 6B vor. In gem\u00fctlicher Runde erfuhren Mitsch\u00fcler und vor allem Frau J\u00e4ger, worum es in den B\u00fcchern ging, was gefallen hat und was nicht.<\/p>\n<p><img loading=\"lazy\" decoding=\"async\" style=\"border-bottom: 0px; border-left: 0px; display: inline; border-top: 0px; border-right: 0px\" title=\"JD801895\" border=\"0\" alt=\"JD801895\" src=\"http:\/\/www.schlossparkschule-marksuhl.de\/wp-content\/JD801895.jpg\" width=\"300\" height=\"230\" \/><img loading=\"lazy\" decoding=\"async\" style=\"border-bottom: 0px; border-left: 0px; display: inline; border-top: 0px; border-right: 0px\" title=\"JD801894\" border=\"0\" alt=\"JD801894\" src=\"http:\/\/www.schlossparkschule-marksuhl.de\/wp-content\/JD801894.jpg\" width=\"300\" height=\"230\" \/><\/p>\n<p>Dieses Feedback war ihr sehr wichtig, um Leseerfahrungen an andere Leser weiter geben zu k\u00f6nnen und bei den n\u00e4chsten Bucheink\u00e4ufen noch besser den Geschmack junger Leser ber\u00fccksichtigen zu k\u00f6nnen.<\/p>\n<p>Der gro\u00dfe Renner unter den von unseren Sch\u00fclern meist gelesenen B\u00fcchern ist ganz offensichtlich die Fantasyliteratur, gefolgt von Pferdeb\u00fcchern, Krimis und sogar Sachb\u00fcchern!<\/p>\n","protected":false},"excerpt":{"rendered":"<p>&#8230; Und manche m\u00fcssen diese gelesenen Exemplare anderen vorstellen. &#160;&#160; So geschah es unseren Bucheink\u00e4ufern Ruben-Fabian Eisenhauer, Annemarie Luck, Karoline B\u00f6nicke, Anne-Kathrin Schwanethal, Sarah J\u00e4ger, Sarah Mey, Jill G\u00f6rbing, Annemarie Pfrogner und Tobias Weigel. Am Freitag, dem 28.05.10, stellten sie &hellip; <a class=\"kt-excerpt-readmore more-link\" href=\"http:\/\/schlossparkschule-marksuhl.de\/?p=2116\">Read More<\/a><\/p>\n","protected":false},"author":1,"featured_media":0,"comment_status":"open","ping_status":"open","sticky":false,"template":"","format":"standard","meta":{"_jetpack_memberships_contains_paid_content":false,"footnotes":""},"categories":[26,6,11],"tags":[],"class_list":["post-2116","post","type-post","status-publish","format-standard","hentry","category-bibliothek","category-facher","category-projekte"],"jetpack_featured_media_url":"","jetpack_sharing_enabled":true,"_links":{"self":[{"href":"http:\/\/schlossparkschule-marksuhl.de\/index.php?rest_route=\/wp\/v2\/posts\/2116","targetHints":{"allow":["GET"]}}],"collection":[{"href":"http:\/\/schlossparkschule-marksuhl.de\/index.php?rest_route=\/wp\/v2\/posts"}],"about":[{"href":"http:\/\/schlossparkschule-marksuhl.de\/index.php?rest_route=\/wp\/v2\/types\/post"}],"author":[{"embeddable":true,"href":"http:\/\/schlossparkschule-marksuhl.de\/index.php?rest_route=\/wp\/v2\/users\/1"}],"replies":[{"embeddable":true,"href":"http:\/\/schlossparkschule-marksuhl.de\/index.php?rest_route=%2Fwp%2Fv2%2Fcomments&post=2116"}],"version-history":[{"count":0,"href":"http:\/\/schlossparkschule-marksuhl.de\/index.php?rest_route=\/wp\/v2\/posts\/2116\/revisions"}],"wp:attachment":[{"href":"http:\/\/schlossparkschule-marksuhl.de\/index.php?rest_route=%2Fwp%2Fv2%2Fmedia&parent=2116"}],"wp:term":[{"taxonomy":"category","embeddable":true,"href":"http:\/\/schlossparkschule-marksuhl.de\/index.php?rest_route=%2Fwp%2Fv2%2Fcategories&post=2116"},{"taxonomy":"post_tag","embeddable":true,"href":"http:\/\/schlossparkschule-marksuhl.de\/index.php?rest_route=%2Fwp%2Fv2%2Ftags&post=2116"}],"curies":[{"name":"wp","href":"https:\/\/api.w.org\/{rel}","templated":true}]}}