{"id":2180,"date":"2010-06-09T08:01:43","date_gmt":"2010-06-09T06:01:43","guid":{"rendered":"http:\/\/www.rsom.wak.th.schule.de\/wordpress\/?p=2180"},"modified":"2010-06-09T08:01:43","modified_gmt":"2010-06-09T06:01:43","slug":"langer-tag-der-natur-2010-2","status":"publish","type":"post","link":"http:\/\/schlossparkschule-marksuhl.de\/?p=2180","title":{"rendered":"Langer Tag der Natur 2010"},"content":{"rendered":"<p>Seit vielen Jahren ist die Schlossparkschule Marksuhl Umweltschule. <\/p>\n<p>&#160;<\/p>\n<p>Deshalb war es f\u00fcr Sch\u00fcler und Lehrer Ehrensache sich am \u201eLangen Tag der Natur\u201c, der erstmals am 4. Juni und 5. Juni 2010 im Wartburgkreis durchgef\u00fchrt wurde, zu beteiligen. <\/p>\n<p>Da die Schule \u00fcber einen Schulwald verf\u00fcgt fand der Unterricht am Freitag im Gr\u00fcnen statt. <\/p>\n<p><img loading=\"lazy\" decoding=\"async\" style=\"border-bottom: 0px; border-left: 0px; display: inline; border-top: 0px; border-right: 0px\" title=\"Tag der Natur (77 von 167)\" border=\"0\" alt=\"Tag der Natur (77 von 167)\" src=\"http:\/\/www.schlossparkschule-marksuhl.de\/wp-content\/TagderNatur77von167.jpg\" width=\"310\" height=\"238\" \/><img loading=\"lazy\" decoding=\"async\" style=\"border-bottom: 0px; border-left: 0px; display: inline; border-top: 0px; border-right: 0px\" title=\"Tag der Natur (87 von 167)\" border=\"0\" alt=\"Tag der Natur (87 von 167)\" src=\"http:\/\/www.schlossparkschule-marksuhl.de\/wp-content\/TagderNatur87von167.jpg\" width=\"310\" height=\"238\" \/><img loading=\"lazy\" decoding=\"async\" style=\"border-bottom: 0px; border-left: 0px; display: inline; border-top: 0px; border-right: 0px\" title=\"Tag der Natur (114 von 167)\" border=\"0\" alt=\"Tag der Natur (114 von 167)\" src=\"http:\/\/www.schlossparkschule-marksuhl.de\/wp-content\/TagderNatur114von167.jpg\" width=\"310\" height=\"238\" \/><img loading=\"lazy\" decoding=\"async\" style=\"border-bottom: 0px; border-left: 0px; display: inline; border-top: 0px; border-right: 0px\" title=\"Langer Tag der Natur (6 von 10)\" border=\"0\" alt=\"Langer Tag der Natur (6 von 10)\" src=\"http:\/\/www.schlossparkschule-marksuhl.de\/wp-content\/LangerTagderNatur6von10.jpg\" width=\"310\" height=\"238\" \/><img loading=\"lazy\" decoding=\"async\" style=\"border-bottom: 0px; border-left: 0px; display: inline; border-top: 0px; border-right: 0px\" title=\"Tag der Natur (97 von 167)\" border=\"0\" alt=\"Tag der Natur (97 von 167)\" src=\"http:\/\/www.schlossparkschule-marksuhl.de\/wp-content\/TagderNatur97von167.jpg\" width=\"310\" height=\"238\" \/><img loading=\"lazy\" decoding=\"async\" style=\"border-bottom: 0px; border-left: 0px; display: inline; border-top: 0px; border-right: 0px\" title=\"Tag der Natur (102 von 167)\" border=\"0\" alt=\"Tag der Natur (102 von 167)\" src=\"http:\/\/www.schlossparkschule-marksuhl.de\/wp-content\/TagderNatur102von167.jpg\" width=\"310\" height=\"238\" \/>&#160;<\/p>\n<p>In kleinen Gruppen hie\u00df es wieder Tiere und Pflanzen zu entdecken und diese zu bestimmen, was nicht immer leicht fiel und am Gew\u00e4sser und beim Bau des Insektenhotels teilweise ganzen K\u00f6rpereinsatz abverlangte.<\/p>\n<p><img loading=\"lazy\" decoding=\"async\" style=\"border-bottom: 0px; border-left: 0px; display: inline; border-top: 0px; border-right: 0px\" title=\"Tag der Natur (140 von 167)\" border=\"0\" alt=\"Tag der Natur (140 von 167)\" src=\"http:\/\/www.schlossparkschule-marksuhl.de\/wp-content\/TagderNatur140von167.jpg\" width=\"310\" height=\"238\" \/><img loading=\"lazy\" decoding=\"async\" style=\"border-bottom: 0px; border-left: 0px; display: inline; border-top: 0px; border-right: 0px\" title=\"Tag der Natur (146 von 167)\" border=\"0\" alt=\"Tag der Natur (146 von 167)\" src=\"http:\/\/www.schlossparkschule-marksuhl.de\/wp-content\/TagderNatur146von167.jpg\" width=\"310\" height=\"238\" \/><img loading=\"lazy\" decoding=\"async\" style=\"border-bottom: 0px; border-left: 0px; display: inline; border-top: 0px; border-right: 0px\" title=\"Tag der Natur (88 von 167)\" border=\"0\" alt=\"Tag der Natur (88 von 167)\" src=\"http:\/\/www.schlossparkschule-marksuhl.de\/wp-content\/TagderNatur88von167.jpg\" width=\"310\" height=\"238\" \/><img loading=\"lazy\" decoding=\"async\" style=\"border-bottom: 0px; border-left: 0px; display: inline; border-top: 0px; border-right: 0px\" title=\"Tag der Umwelt (83 von 89)\" border=\"0\" alt=\"Tag der Umwelt (83 von 89)\" src=\"http:\/\/www.schlossparkschule-marksuhl.de\/wp-content\/TagderUmwelt83von89.jpg\" width=\"310\" height=\"213\" \/> <\/p>\n<p>Unterst\u00fctzt wurden unsere Aktivit\u00e4ten unter anderem von Marksuhls B\u00fcrgermeister Herrn Trostmann als Bienenspezialist, von Herrn W\u00fcnschmann der sich besonders gut in Sachen Hege und Jagd auskennt, der Jugendfeuerwehr unter Leitung von Frau J\u00e4ger und vom F\u00f6rster Herrn Simon. <\/p>\n<p><img loading=\"lazy\" decoding=\"async\" style=\"border-bottom: 0px; border-left: 0px; display: inline; border-top: 0px; border-right: 0px\" title=\"Tag der Umwelt (26 von 89)\" border=\"0\" alt=\"Tag der Umwelt (26 von 89)\" src=\"http:\/\/www.schlossparkschule-marksuhl.de\/wp-content\/TagderUmwelt26von89.jpg\" width=\"310\" height=\"213\" \/><img loading=\"lazy\" decoding=\"async\" style=\"border-bottom: 0px; border-left: 0px; display: inline; border-top: 0px; border-right: 0px\" title=\"Tag der Umwelt (35 von 89)\" border=\"0\" alt=\"Tag der Umwelt (35 von 89)\" src=\"http:\/\/www.schlossparkschule-marksuhl.de\/wp-content\/TagderUmwelt35von89.jpg\" width=\"310\" height=\"213\" \/><\/p>\n<p>Den Tag er\u00f6ffneten im \u201egr\u00fcnen Klassenzimmer\u201c Sch\u00fcler der Klassen 6B, 7A\/B und 8 unter der Leitung von Frau Leinhos mit einem Programm. In einem kleinen Theaterst\u00fcck wurden die Aktivit\u00e4ten in Sachen Umwelt thematisiert. <\/p>\n<p>Eine Gruppe sorgte auch f\u00fcr die S\u00e4uberung des Suhlufers. <\/p>\n<p><img loading=\"lazy\" decoding=\"async\" style=\"border-bottom: 0px; border-left: 0px; display: inline; border-top: 0px; border-right: 0px\" title=\"Tag der Natur (151 von 167)\" border=\"0\" alt=\"Tag der Natur (151 von 167)\" src=\"http:\/\/www.schlossparkschule-marksuhl.de\/wp-content\/TagderNatur151von167.jpg\" width=\"310\" height=\"238\" \/><img loading=\"lazy\" decoding=\"async\" style=\"border-bottom: 0px; border-left: 0px; display: inline; border-top: 0px; border-right: 0px\" title=\"Tag der Natur (161 von 167)\" border=\"0\" alt=\"Tag der Natur (161 von 167)\" src=\"http:\/\/www.schlossparkschule-marksuhl.de\/wp-content\/TagderNatur161von167.jpg\" width=\"310\" height=\"238\" \/><\/p>\n<p>Der Schulf\u00f6rderverein war f\u00fcr die Verpflegung aller Teilnehmer verantwortlich. Viele flei\u00dfige H\u00e4nde hatten ein herrliches Kuchenb\u00fcfett gezaubert. So lie\u00dfen wir diesen erlebnisreichen Tag mit einer gemeinsamen Kaffeetafel ausklingen. <\/p>\n<p>Sogar die \u201eWetterg\u00f6tter\u201c unterst\u00fctzten die Sch\u00fcler der Schlossparkschule bei ihrem Vorhaben, damit Schule wieder einmal anders erlebt werden konnte.<\/p>\n","protected":false},"excerpt":{"rendered":"<p>Seit vielen Jahren ist die Schlossparkschule Marksuhl Umweltschule. &#160; Deshalb war es f\u00fcr Sch\u00fcler und Lehrer Ehrensache sich am \u201eLangen Tag der Natur\u201c, der erstmals am 4. Juni und 5. Juni 2010 im Wartburgkreis durchgef\u00fchrt wurde, zu beteiligen. Da die &hellip; <a class=\"kt-excerpt-readmore more-link\" href=\"http:\/\/schlossparkschule-marksuhl.de\/?p=2180\">Read More<\/a><\/p>\n","protected":false},"author":1,"featured_media":0,"comment_status":"open","ping_status":"open","sticky":false,"template":"","format":"standard","meta":{"_jetpack_memberships_contains_paid_content":false,"footnotes":""},"categories":[19,15,21],"tags":[],"class_list":["post-2180","post","type-post","status-publish","format-standard","hentry","category-exkursionen","category-umweltschule","category-wettbewerbe"],"jetpack_featured_media_url":"","jetpack_sharing_enabled":true,"_links":{"self":[{"href":"http:\/\/schlossparkschule-marksuhl.de\/index.php?rest_route=\/wp\/v2\/posts\/2180","targetHints":{"allow":["GET"]}}],"collection":[{"href":"http:\/\/schlossparkschule-marksuhl.de\/index.php?rest_route=\/wp\/v2\/posts"}],"about":[{"href":"http:\/\/schlossparkschule-marksuhl.de\/index.php?rest_route=\/wp\/v2\/types\/post"}],"author":[{"embeddable":true,"href":"http:\/\/schlossparkschule-marksuhl.de\/index.php?rest_route=\/wp\/v2\/users\/1"}],"replies":[{"embeddable":true,"href":"http:\/\/schlossparkschule-marksuhl.de\/index.php?rest_route=%2Fwp%2Fv2%2Fcomments&post=2180"}],"version-history":[{"count":0,"href":"http:\/\/schlossparkschule-marksuhl.de\/index.php?rest_route=\/wp\/v2\/posts\/2180\/revisions"}],"wp:attachment":[{"href":"http:\/\/schlossparkschule-marksuhl.de\/index.php?rest_route=%2Fwp%2Fv2%2Fmedia&parent=2180"}],"wp:term":[{"taxonomy":"category","embeddable":true,"href":"http:\/\/schlossparkschule-marksuhl.de\/index.php?rest_route=%2Fwp%2Fv2%2Fcategories&post=2180"},{"taxonomy":"post_tag","embeddable":true,"href":"http:\/\/schlossparkschule-marksuhl.de\/index.php?rest_route=%2Fwp%2Fv2%2Ftags&post=2180"}],"curies":[{"name":"wp","href":"https:\/\/api.w.org\/{rel}","templated":true}]}}