{"id":2536,"date":"2010-09-25T19:08:45","date_gmt":"2010-09-25T17:08:45","guid":{"rendered":"http:\/\/www.rsom.wak.th.schule.de\/wordpress\/?p=2536"},"modified":"2010-09-26T18:51:15","modified_gmt":"2010-09-26T16:51:15","slug":"wir-sind-wieder-umweltschule","status":"publish","type":"post","link":"http:\/\/schlossparkschule-marksuhl.de\/?p=2536","title":{"rendered":"Wir sind wieder Umweltschule !!!"},"content":{"rendered":"<p>Auch in diesem Jahr haben wir es wieder geschafft: Am Freitag erhielten wir den Titel<\/p>\n<p align=\"center\"><font color=\"#0000ff\" size=\"5\">\u201cUMWELTSCHULE in EUROPA\u201d<\/font><\/p>\n<p>An dieser Auszeichnungsveranstaltung im Th\u00fcringer Landtag nahmen f\u00fcr unsere Schule Maximilian, Lisa und Jonas teil. In einer feierlichen Veranstaltung im Plenarsaal des Landtages konnten sie die Auszeichnung aus den H\u00e4nden der Landtagspr\u00e4sidentin Frau Dietzel als erste Schule entgegennehmen, da wir als eine von drei Th\u00fcringer Schulen seit Beginn dieses Wettbewerbes vor 15 Jahren dabei sind.<\/p>\n<p><img loading=\"lazy\" decoding=\"async\" style=\"border-right-width: 0px; display: inline; border-top-width: 0px; border-bottom-width: 0px; border-left-width: 0px\" title=\"Auszeichnung USE (18 von 75)\" border=\"0\" alt=\"Auszeichnung USE (18 von 75)\" src=\"http:\/\/www.schlossparkschule-marksuhl.de\/wp-content\/AuszeichnungUSE18von75.jpg\" width=\"305\" height=\"210\" \/> <img loading=\"lazy\" decoding=\"async\" style=\"border-right-width: 0px; display: inline; border-top-width: 0px; border-bottom-width: 0px; border-left-width: 0px\" title=\"Auszeichnung USE (28 von 75)\" border=\"0\" alt=\"Auszeichnung USE (28 von 75)\" src=\"http:\/\/www.schlossparkschule-marksuhl.de\/wp-content\/AuszeichnungUSE28von75.jpg\" width=\"305\" height=\"210\" \/>&#160; <\/p>\n<p>Stolz nahm unsere kleine Delegation die Fahne, Urkunden und Stempel entgegen und stellte sich dann bei einem kleinen Rundgang den Fragen der Ehreng\u00e4ste. Diese zeigten sich besonders beeindruckt durch unsere vielf\u00e4ltigen Aktionen im Schulwald \u2013 ein nicht nur f\u00fcr Th\u00fcringen einmaliges Projekt.<\/p>\n<p><img loading=\"lazy\" decoding=\"async\" style=\"border-right-width: 0px; display: inline; border-top-width: 0px; border-bottom-width: 0px; border-left-width: 0px\" title=\"Auszeichnung USE (63 von 75)\" border=\"0\" alt=\"Auszeichnung USE (63 von 75)\" src=\"http:\/\/www.schlossparkschule-marksuhl.de\/wp-content\/AuszeichnungUSE63von75.jpg\" width=\"620\" height=\"420\" \/><\/p>\n<p>Nach dem Mittagsbuffet im Foyer des Landtages und einem Rundgang durch die Ausstellung der anderen Schulen warteten alle gespannt auf die versprochene \u00dcberraschung der Veranstalter aus der Mittelm\u00fchle Schmalkalden.<\/p>\n<p>Schauspieler aus Erfurt \u00fcberraschten uns mit einem Improvisationstheater: Auf Zuruf konnten sie Szenen spielen zum Thema Umwelt und bezogen bei ihrem Spiel die gro\u00dfen und kleinen Zuschauer in ihr Spiel ein.<\/p>\n<p>Die erneute Auszeichnung sollte uns Ansporn sein zu weiteren Aktivit\u00e4ten f\u00fcr unsere Umwelt. So dass auch im n\u00e4chsten Jahr eine Delegation unserer Schule diese Auszeichnung entgegen nehmen kann.<\/p>\n<p>Im \u201cTh\u00fcringenjournal\u201d gab es auch einen kleinen Beitrag \u00fcber diese Veranstaltung. Hier ist der <a href=\"http:\/\/www.mdr.de\/mediathek\/7706011.html\" target=\"_blank\">Link zum Video. (leider nur eine Woche im Netz\u2026)<\/a><\/p>\n","protected":false},"excerpt":{"rendered":"<p>Auch in diesem Jahr haben wir es wieder geschafft: Am Freitag erhielten wir den Titel \u201cUMWELTSCHULE in EUROPA\u201d An dieser Auszeichnungsveranstaltung im Th\u00fcringer Landtag nahmen f\u00fcr unsere Schule Maximilian, Lisa und Jonas teil. In einer feierlichen Veranstaltung im Plenarsaal des &hellip; <a class=\"kt-excerpt-readmore more-link\" href=\"http:\/\/schlossparkschule-marksuhl.de\/?p=2536\">Read More<\/a><\/p>\n","protected":false},"author":1,"featured_media":0,"comment_status":"open","ping_status":"open","sticky":false,"template":"","format":"standard","meta":{"_jetpack_memberships_contains_paid_content":false,"footnotes":""},"categories":[15],"tags":[],"class_list":["post-2536","post","type-post","status-publish","format-standard","hentry","category-umweltschule"],"jetpack_featured_media_url":"","jetpack_sharing_enabled":true,"_links":{"self":[{"href":"http:\/\/schlossparkschule-marksuhl.de\/index.php?rest_route=\/wp\/v2\/posts\/2536","targetHints":{"allow":["GET"]}}],"collection":[{"href":"http:\/\/schlossparkschule-marksuhl.de\/index.php?rest_route=\/wp\/v2\/posts"}],"about":[{"href":"http:\/\/schlossparkschule-marksuhl.de\/index.php?rest_route=\/wp\/v2\/types\/post"}],"author":[{"embeddable":true,"href":"http:\/\/schlossparkschule-marksuhl.de\/index.php?rest_route=\/wp\/v2\/users\/1"}],"replies":[{"embeddable":true,"href":"http:\/\/schlossparkschule-marksuhl.de\/index.php?rest_route=%2Fwp%2Fv2%2Fcomments&post=2536"}],"version-history":[{"count":0,"href":"http:\/\/schlossparkschule-marksuhl.de\/index.php?rest_route=\/wp\/v2\/posts\/2536\/revisions"}],"wp:attachment":[{"href":"http:\/\/schlossparkschule-marksuhl.de\/index.php?rest_route=%2Fwp%2Fv2%2Fmedia&parent=2536"}],"wp:term":[{"taxonomy":"category","embeddable":true,"href":"http:\/\/schlossparkschule-marksuhl.de\/index.php?rest_route=%2Fwp%2Fv2%2Fcategories&post=2536"},{"taxonomy":"post_tag","embeddable":true,"href":"http:\/\/schlossparkschule-marksuhl.de\/index.php?rest_route=%2Fwp%2Fv2%2Ftags&post=2536"}],"curies":[{"name":"wp","href":"https:\/\/api.w.org\/{rel}","templated":true}]}}