{"id":2604,"date":"2010-10-05T16:19:39","date_gmt":"2010-10-05T14:19:39","guid":{"rendered":"http:\/\/www.rsom.wak.th.schule.de\/wordpress\/?p=2604"},"modified":"2010-10-05T16:19:39","modified_gmt":"2010-10-05T14:19:39","slug":"info-truck-des-handwerks-in-der-schlossparkschule-marksuhl","status":"publish","type":"post","link":"http:\/\/schlossparkschule-marksuhl.de\/?p=2604","title":{"rendered":"Info &ndash; Truck des Handwerks in der Schlossparkschule Marksuhl"},"content":{"rendered":"<p>Der Info-Truck des Handwerkes S\u00fcdth\u00fcringen war am 07.09.2010 an unserer Schule und stellte verschiedene Ausbildungsberufe des Handwerks vor.<\/p>\n<p><img loading=\"lazy\" decoding=\"async\" style=\"border-bottom: 0px; border-left: 0px; display: inline; border-top: 0px; border-right: 0px\" title=\"Infomobil (2 von 7)\" border=\"0\" alt=\"Infomobil (2 von 7)\" src=\"http:\/\/www.schlossparkschule-marksuhl.de\/wp-content\/Infomobil2von7.jpg\" width=\"310\" height=\"238\" \/><img loading=\"lazy\" decoding=\"async\" style=\"border-bottom: 0px; border-left: 0px; display: inline; border-top: 0px; border-right: 0px\" title=\"Infomobil (1 von 7)\" border=\"0\" alt=\"Infomobil (1 von 7)\" src=\"http:\/\/www.schlossparkschule-marksuhl.de\/wp-content\/Infomobil1von7.jpg\" width=\"310\" height=\"238\" \/> <\/p>\n<p>Die Sch\u00fcler der Klassen 8 bis 10 hatten jeweils in einer Unterrichtsstunde die Gelegenheit sich \u00fcber die Ausbildung im Handwerk zu informieren.<\/p>\n<p>Azubis aus den Bereichen <\/p>\n<p>&#8211; Farbe und Farbgestaltung<\/p>\n<p>&#8211; Kosmetik<\/p>\n<p>&#8211; Metallbearbeitung<\/p>\n<p>&#8211; Garten- und Landschaftsbau<\/p>\n<p>standen unseren Sch\u00fclern f\u00fcr Fragen zur Ausbildung zur Verf\u00fcgung.<\/p>\n<p><img loading=\"lazy\" decoding=\"async\" style=\"border-bottom: 0px; border-left: 0px; display: inline; border-top: 0px; border-right: 0px\" title=\"Infomobil (3 von 7)\" border=\"0\" alt=\"Infomobil (3 von 7)\" src=\"http:\/\/www.schlossparkschule-marksuhl.de\/wp-content\/Infomobil3von7.jpg\" width=\"310\" height=\"238\" \/><img loading=\"lazy\" decoding=\"async\" style=\"border-bottom: 0px; border-left: 0px; display: inline; border-top: 0px; border-right: 0px\" title=\"Infomobil (4 von 7)\" border=\"0\" alt=\"Infomobil (4 von 7)\" src=\"http:\/\/www.schlossparkschule-marksuhl.de\/wp-content\/Infomobil4von7.jpg\" width=\"310\" height=\"238\" \/><\/p>\n<p>Au\u00dferdem konnten sie sich in kleinen Gruppen in den einzelnen Berufsfeldern praktisch bet\u00e4tigen.<\/p>\n<p>Hiermit m\u00f6chten wir den Angestellten und Azubis f\u00fcr die gelungene Pr\u00e4sentation unseren Dank aussprechen.<\/p>\n<p>In der Auswertung zu dieser Veranstaltung \u00e4u\u00dferten sich unsere Sch\u00fcler \u00fcberwiegend positiv zu den vorgestellten Ausbildungsberufen und zur gelungenen Vorstellung durch die Mitarbeiter und Azubis. <\/p>\n","protected":false},"excerpt":{"rendered":"<p>Der Info-Truck des Handwerkes S\u00fcdth\u00fcringen war am 07.09.2010 an unserer Schule und stellte verschiedene Ausbildungsberufe des Handwerks vor. Die Sch\u00fcler der Klassen 8 bis 10 hatten jeweils in einer Unterrichtsstunde die Gelegenheit sich \u00fcber die Ausbildung im Handwerk zu informieren. &hellip; <a class=\"kt-excerpt-readmore more-link\" href=\"http:\/\/schlossparkschule-marksuhl.de\/?p=2604\">Read More<\/a><\/p>\n","protected":false},"author":1,"featured_media":0,"comment_status":"open","ping_status":"open","sticky":false,"template":"","format":"standard","meta":{"_jetpack_memberships_contains_paid_content":false,"footnotes":""},"categories":[16,6],"tags":[],"class_list":["post-2604","post","type-post","status-publish","format-standard","hentry","category-berufsvorbereitung","category-facher"],"jetpack_featured_media_url":"","jetpack_sharing_enabled":true,"_links":{"self":[{"href":"http:\/\/schlossparkschule-marksuhl.de\/index.php?rest_route=\/wp\/v2\/posts\/2604","targetHints":{"allow":["GET"]}}],"collection":[{"href":"http:\/\/schlossparkschule-marksuhl.de\/index.php?rest_route=\/wp\/v2\/posts"}],"about":[{"href":"http:\/\/schlossparkschule-marksuhl.de\/index.php?rest_route=\/wp\/v2\/types\/post"}],"author":[{"embeddable":true,"href":"http:\/\/schlossparkschule-marksuhl.de\/index.php?rest_route=\/wp\/v2\/users\/1"}],"replies":[{"embeddable":true,"href":"http:\/\/schlossparkschule-marksuhl.de\/index.php?rest_route=%2Fwp%2Fv2%2Fcomments&post=2604"}],"version-history":[{"count":0,"href":"http:\/\/schlossparkschule-marksuhl.de\/index.php?rest_route=\/wp\/v2\/posts\/2604\/revisions"}],"wp:attachment":[{"href":"http:\/\/schlossparkschule-marksuhl.de\/index.php?rest_route=%2Fwp%2Fv2%2Fmedia&parent=2604"}],"wp:term":[{"taxonomy":"category","embeddable":true,"href":"http:\/\/schlossparkschule-marksuhl.de\/index.php?rest_route=%2Fwp%2Fv2%2Fcategories&post=2604"},{"taxonomy":"post_tag","embeddable":true,"href":"http:\/\/schlossparkschule-marksuhl.de\/index.php?rest_route=%2Fwp%2Fv2%2Ftags&post=2604"}],"curies":[{"name":"wp","href":"https:\/\/api.w.org\/{rel}","templated":true}]}}