{"id":2688,"date":"2010-10-30T18:38:27","date_gmt":"2010-10-30T16:38:27","guid":{"rendered":"http:\/\/www.rsom.wak.th.schule.de\/wordpress\/?p=2688"},"modified":"2010-10-30T18:38:27","modified_gmt":"2010-10-30T16:38:27","slug":"denker-unter-sich","status":"publish","type":"post","link":"http:\/\/schlossparkschule-marksuhl.de\/?p=2688","title":{"rendered":"&bdquo;Denker&ldquo; unter sich"},"content":{"rendered":"<p>Am 28.10.10 trafen sich die \u201ebesten Denker\u201c der Klassenstufe 6 zur 2. Stufe der Denkolympiade.<\/p>\n<p><img loading=\"lazy\" decoding=\"async\" style=\"border-bottom: 0px; border-left: 0px; display: inline; border-top: 0px; border-right: 0px\" title=\"Schule (10 von 21)\" border=\"0\" alt=\"Schule (10 von 21)\" src=\"http:\/\/www.schlossparkschule-marksuhl.de\/wp-content\/Schule10von211.jpg\" width=\"620\" height=\"470\" \/><\/p>\n<p>Zu ihnen geh\u00f6ren: Johanna Gutsche, Tom Hartung, Deborah Klemm, Anna Niebling, Ruben Eisenhauer, Anne Schwanethal, Niklas Storch sowie Jonas und Niklas Wiesner.<\/p>\n<p>In drei Disziplinen, Allgemeinwissen, Mathematik und Sprache, wurde den Teilnehmern eine Menge Wissen abverlangt.<\/p>\n<p><img loading=\"lazy\" decoding=\"async\" style=\"border-bottom: 0px; border-left: 0px; display: inline; border-top: 0px; border-right: 0px\" title=\"Schule (5 von 21)\" border=\"0\" alt=\"Schule (5 von 21)\" src=\"http:\/\/www.schlossparkschule-marksuhl.de\/wp-content\/Schule5von21.jpg\" width=\"308\" height=\"236\" \/>&#160; <img loading=\"lazy\" decoding=\"async\" style=\"border-bottom: 0px; border-left: 0px; display: inline; border-top: 0px; border-right: 0px\" title=\"Schule (8 von 21)\" border=\"0\" alt=\"Schule (8 von 21)\" src=\"http:\/\/www.schlossparkschule-marksuhl.de\/wp-content\/Schule8von21.jpg\" width=\"308\" height=\"236\" \/>&#160; <\/p>\n<p>Eine St\u00e4rkung mit Milch und M\u00fcsliriegeln brachte in der Pause verbrauchte Energie zur\u00fcck und half dabei konzentriert alle Aufgaben zu bearbeiten.<\/p>\n<p>Wer aus diesem Wettbewerb als Sieger hervorgeht, wird zu einem sp\u00e4teren Zeitpunkt bekannt gegeben.<\/p>\n","protected":false},"excerpt":{"rendered":"<p>Am 28.10.10 trafen sich die \u201ebesten Denker\u201c der Klassenstufe 6 zur 2. Stufe der Denkolympiade. Zu ihnen geh\u00f6ren: Johanna Gutsche, Tom Hartung, Deborah Klemm, Anna Niebling, Ruben Eisenhauer, Anne Schwanethal, Niklas Storch sowie Jonas und Niklas Wiesner. In drei Disziplinen, &hellip; <a class=\"kt-excerpt-readmore more-link\" href=\"http:\/\/schlossparkschule-marksuhl.de\/?p=2688\">Read More<\/a><\/p>\n","protected":false},"author":1,"featured_media":0,"comment_status":"open","ping_status":"open","sticky":false,"template":"","format":"standard","meta":{"_jetpack_memberships_contains_paid_content":false,"footnotes":""},"categories":[21],"tags":[],"class_list":["post-2688","post","type-post","status-publish","format-standard","hentry","category-wettbewerbe"],"jetpack_featured_media_url":"","jetpack_sharing_enabled":true,"_links":{"self":[{"href":"http:\/\/schlossparkschule-marksuhl.de\/index.php?rest_route=\/wp\/v2\/posts\/2688","targetHints":{"allow":["GET"]}}],"collection":[{"href":"http:\/\/schlossparkschule-marksuhl.de\/index.php?rest_route=\/wp\/v2\/posts"}],"about":[{"href":"http:\/\/schlossparkschule-marksuhl.de\/index.php?rest_route=\/wp\/v2\/types\/post"}],"author":[{"embeddable":true,"href":"http:\/\/schlossparkschule-marksuhl.de\/index.php?rest_route=\/wp\/v2\/users\/1"}],"replies":[{"embeddable":true,"href":"http:\/\/schlossparkschule-marksuhl.de\/index.php?rest_route=%2Fwp%2Fv2%2Fcomments&post=2688"}],"version-history":[{"count":0,"href":"http:\/\/schlossparkschule-marksuhl.de\/index.php?rest_route=\/wp\/v2\/posts\/2688\/revisions"}],"wp:attachment":[{"href":"http:\/\/schlossparkschule-marksuhl.de\/index.php?rest_route=%2Fwp%2Fv2%2Fmedia&parent=2688"}],"wp:term":[{"taxonomy":"category","embeddable":true,"href":"http:\/\/schlossparkschule-marksuhl.de\/index.php?rest_route=%2Fwp%2Fv2%2Fcategories&post=2688"},{"taxonomy":"post_tag","embeddable":true,"href":"http:\/\/schlossparkschule-marksuhl.de\/index.php?rest_route=%2Fwp%2Fv2%2Ftags&post=2688"}],"curies":[{"name":"wp","href":"https:\/\/api.w.org\/{rel}","templated":true}]}}