{"id":2719,"date":"2010-11-08T09:15:29","date_gmt":"2010-11-08T07:15:29","guid":{"rendered":"http:\/\/www.rsom.wak.th.schule.de\/wordpress\/?p=2719"},"modified":"2010-11-08T09:15:29","modified_gmt":"2010-11-08T07:15:29","slug":"buchenwaldexkursion","status":"publish","type":"post","link":"http:\/\/schlossparkschule-marksuhl.de\/?p=2719","title":{"rendered":"Buchenwaldexkursion"},"content":{"rendered":"<p>Am 4. November 2010 besuchten die Sch\u00fcler der Klasse 10 gemeinsam mit Herrn Fibich die Gedenkst\u00e4tte des Konzentrationslagers Buchenwald. <\/p>\n<p><img loading=\"lazy\" decoding=\"async\" style=\"border-bottom: 0px; border-left: 0px; display: inline; border-top: 0px; border-right: 0px\" title=\"Buchenwald (2 von 9)\" border=\"0\" alt=\"Buchenwald (2 von 9)\" src=\"http:\/\/www.schlossparkschule-marksuhl.de\/wp-content\/Buchenwald2von9.jpg\" width=\"620\" height=\"420\" \/><\/p>\n<p>Nach einem in die Problematik einf\u00fchrenden Film f\u00fchrte uns Herr Koch durch das ehemalige Konzentrationslager. Mit eindringlichen Worten schilderte er die Situation der H\u00e4ftlinge und die Verbrechen der SS. Er zeigte uns den ber\u00fcchtigten Bunker, wo Menschen zu Tode gequ\u00e4lt wurden, f\u00fchrte uns durch das Krematorium und erkl\u00e4rte uns am Modell die einstmals gewaltigen Ausma\u00dfe des Lagers. Am Denkmal f\u00fcr alle H\u00e4ftlinge des Konzentrationslagers, einer schlichten Metallplatte mit den Namen von 50 Nationen, legten wir im Gedenken an die ermordeten 56000 Menschen des Konzentrationslagers Blumen nieder.<\/p>\n<p><img loading=\"lazy\" decoding=\"async\" style=\"border-bottom: 0px; border-left: 0px; display: inline; border-top: 0px; border-right: 0px\" title=\"Buchenwald (6 von 9)\" border=\"0\" alt=\"Buchenwald (6 von 9)\" src=\"http:\/\/www.schlossparkschule-marksuhl.de\/wp-content\/Buchenwald6von9.jpg\" width=\"310\" height=\"213\" \/><img loading=\"lazy\" decoding=\"async\" style=\"border-bottom: 0px; border-left: 0px; display: inline; border-top: 0px; border-right: 0px\" title=\"Buchenwald (9 von 9)\" border=\"0\" alt=\"Buchenwald (9 von 9)\" src=\"http:\/\/www.schlossparkschule-marksuhl.de\/wp-content\/Buchenwald9von9.jpg\" width=\"310\" height=\"213\" \/><\/p>\n","protected":false},"excerpt":{"rendered":"<p>Am 4. November 2010 besuchten die Sch\u00fcler der Klasse 10 gemeinsam mit Herrn Fibich die Gedenkst\u00e4tte des Konzentrationslagers Buchenwald. Nach einem in die Problematik einf\u00fchrenden Film f\u00fchrte uns Herr Koch durch das ehemalige Konzentrationslager. Mit eindringlichen Worten schilderte er die &hellip; <a class=\"kt-excerpt-readmore more-link\" href=\"http:\/\/schlossparkschule-marksuhl.de\/?p=2719\">Read More<\/a><\/p>\n","protected":false},"author":1,"featured_media":0,"comment_status":"open","ping_status":"open","sticky":false,"template":"","format":"standard","meta":{"_jetpack_memberships_contains_paid_content":false,"footnotes":""},"categories":[19,6],"tags":[],"class_list":["post-2719","post","type-post","status-publish","format-standard","hentry","category-exkursionen","category-facher"],"jetpack_featured_media_url":"","jetpack_sharing_enabled":true,"_links":{"self":[{"href":"http:\/\/schlossparkschule-marksuhl.de\/index.php?rest_route=\/wp\/v2\/posts\/2719","targetHints":{"allow":["GET"]}}],"collection":[{"href":"http:\/\/schlossparkschule-marksuhl.de\/index.php?rest_route=\/wp\/v2\/posts"}],"about":[{"href":"http:\/\/schlossparkschule-marksuhl.de\/index.php?rest_route=\/wp\/v2\/types\/post"}],"author":[{"embeddable":true,"href":"http:\/\/schlossparkschule-marksuhl.de\/index.php?rest_route=\/wp\/v2\/users\/1"}],"replies":[{"embeddable":true,"href":"http:\/\/schlossparkschule-marksuhl.de\/index.php?rest_route=%2Fwp%2Fv2%2Fcomments&post=2719"}],"version-history":[{"count":0,"href":"http:\/\/schlossparkschule-marksuhl.de\/index.php?rest_route=\/wp\/v2\/posts\/2719\/revisions"}],"wp:attachment":[{"href":"http:\/\/schlossparkschule-marksuhl.de\/index.php?rest_route=%2Fwp%2Fv2%2Fmedia&parent=2719"}],"wp:term":[{"taxonomy":"category","embeddable":true,"href":"http:\/\/schlossparkschule-marksuhl.de\/index.php?rest_route=%2Fwp%2Fv2%2Fcategories&post=2719"},{"taxonomy":"post_tag","embeddable":true,"href":"http:\/\/schlossparkschule-marksuhl.de\/index.php?rest_route=%2Fwp%2Fv2%2Ftags&post=2719"}],"curies":[{"name":"wp","href":"https:\/\/api.w.org\/{rel}","templated":true}]}}