{"id":5278,"date":"2012-06-06T20:16:32","date_gmt":"2012-06-06T19:16:32","guid":{"rendered":"http:\/\/www.schlossparkschule-marksuhl.de\/?p=5278"},"modified":"2012-06-06T20:16:32","modified_gmt":"2012-06-06T19:16:32","slug":"eine-glserne-weltkugel","status":"publish","type":"post","link":"http:\/\/schlossparkschule-marksuhl.de\/?p=5278","title":{"rendered":"Eine gl&auml;serne Weltkugel&hellip;"},"content":{"rendered":"<p><img loading=\"lazy\" decoding=\"async\" style=\"background-image: none; border-bottom: 0px; border-left: 0px; padding-left: 0px; padding-right: 0px; display: inline; border-top: 0px; border-right: 0px; padding-top: 0px\" title=\"\" border=\"0\" alt=\"\" src=\"http:\/\/www.schlossparkschule-marksuhl.de\/bilder\/DSCI0606.jpg\" width=\"282\" height=\"235\" \/><img loading=\"lazy\" decoding=\"async\" style=\"background-image: none; border-bottom: 0px; border-left: 0px; padding-left: 0px; padding-right: 0px; display: inline; border-top: 0px; border-right: 0px; padding-top: 0px\" title=\"\" border=\"0\" alt=\"\" src=\"http:\/\/www.schlossparkschule-marksuhl.de\/bilder\/DSCI0612.jpg\" width=\"342\" height=\"235\" \/><\/p>\n<p>\u2026bekam unser Rechenk\u00fcnstler Florian Thomas Walper von Landrat Reinhard Krebs f\u00fcr seine au\u00dfergew\u00f6hnliche mathematische Begabung \u00fcberreicht. Anl\u00e4sslich des Kindertages wurde Florian zusammen mit Nachwuchssportlern, Sprachtalenten und Nachwuchsmusikern im Atrium des Gerstunger Melanchthon-Gymnasiums geehrt. <\/p>\n<p>&#160;<\/p>\n<p>Herzlichen Gl\u00fcckwunsch !<\/p>\n","protected":false},"excerpt":{"rendered":"<p>\u2026bekam unser Rechenk\u00fcnstler Florian Thomas Walper von Landrat Reinhard Krebs f\u00fcr seine au\u00dfergew\u00f6hnliche mathematische Begabung \u00fcberreicht. Anl\u00e4sslich des Kindertages wurde Florian zusammen mit Nachwuchssportlern, Sprachtalenten und Nachwuchsmusikern im Atrium des Gerstunger Melanchthon-Gymnasiums geehrt. &#160; Herzlichen Gl\u00fcckwunsch !<\/p>\n","protected":false},"author":1,"featured_media":0,"comment_status":"open","ping_status":"open","sticky":false,"template":"","format":"standard","meta":{"_jetpack_memberships_contains_paid_content":false,"footnotes":""},"categories":[6,21],"tags":[],"class_list":["post-5278","post","type-post","status-publish","format-standard","hentry","category-facher","category-wettbewerbe"],"jetpack_featured_media_url":"","jetpack_sharing_enabled":true,"_links":{"self":[{"href":"http:\/\/schlossparkschule-marksuhl.de\/index.php?rest_route=\/wp\/v2\/posts\/5278","targetHints":{"allow":["GET"]}}],"collection":[{"href":"http:\/\/schlossparkschule-marksuhl.de\/index.php?rest_route=\/wp\/v2\/posts"}],"about":[{"href":"http:\/\/schlossparkschule-marksuhl.de\/index.php?rest_route=\/wp\/v2\/types\/post"}],"author":[{"embeddable":true,"href":"http:\/\/schlossparkschule-marksuhl.de\/index.php?rest_route=\/wp\/v2\/users\/1"}],"replies":[{"embeddable":true,"href":"http:\/\/schlossparkschule-marksuhl.de\/index.php?rest_route=%2Fwp%2Fv2%2Fcomments&post=5278"}],"version-history":[{"count":0,"href":"http:\/\/schlossparkschule-marksuhl.de\/index.php?rest_route=\/wp\/v2\/posts\/5278\/revisions"}],"wp:attachment":[{"href":"http:\/\/schlossparkschule-marksuhl.de\/index.php?rest_route=%2Fwp%2Fv2%2Fmedia&parent=5278"}],"wp:term":[{"taxonomy":"category","embeddable":true,"href":"http:\/\/schlossparkschule-marksuhl.de\/index.php?rest_route=%2Fwp%2Fv2%2Fcategories&post=5278"},{"taxonomy":"post_tag","embeddable":true,"href":"http:\/\/schlossparkschule-marksuhl.de\/index.php?rest_route=%2Fwp%2Fv2%2Ftags&post=5278"}],"curies":[{"name":"wp","href":"https:\/\/api.w.org\/{rel}","templated":true}]}}