{"id":5873,"date":"2012-12-17T08:54:20","date_gmt":"2012-12-17T07:54:20","guid":{"rendered":"http:\/\/www.schlossparkschule-marksuhl.de\/?p=5873"},"modified":"2012-12-17T08:54:20","modified_gmt":"2012-12-17T07:54:20","slug":"exkursion-landtag","status":"publish","type":"post","link":"http:\/\/schlossparkschule-marksuhl.de\/?p=5873","title":{"rendered":"Exkursion Landtag"},"content":{"rendered":"<p>Am 23.11. war es soweit. P\u00fcnktlich 8.30h startete die Klassenstufe 9 im Rahmen des Sozialkundeunterrichts die Fahrt ins Herzen der Th\u00fcringer Demokratie. Unter fachkundiger Leitung erhielten wir Einblick in das Politikgetriebe des Th\u00fcringer Landtags. Manch staunende Gesichter zeigten sich bald, als wir den Volksvertretern bei der Arbeit zusehen durften. Interessiert verfolgten wir die Debatte um die k\u00fcnftige Kulturpolitik. Regierung und Opposition wechselten unter \u201eTischklopfendem\u201c Beifall das Rednerpult. Ein Aha-Erlebnis war somit garantiert. Anschlie\u00dfend durften wir in den Ausschussr\u00e4umen unsere gewonnenen Eindr\u00fccke auswerten und schlossen den gelungenen Ausflug bei Rotkraut, Kl\u00f6\u00dfen und Schweinebraten kulinarisch ab.<\/p>\n","protected":false},"excerpt":{"rendered":"<p>Am 23.11. war es soweit. P\u00fcnktlich 8.30h startete die Klassenstufe 9 im Rahmen des Sozialkundeunterrichts die Fahrt ins Herzen der Th\u00fcringer Demokratie. Unter fachkundiger Leitung erhielten wir Einblick in das Politikgetriebe des Th\u00fcringer Landtags. Manch staunende Gesichter zeigten sich bald, &hellip; <a class=\"kt-excerpt-readmore more-link\" href=\"http:\/\/schlossparkschule-marksuhl.de\/?p=5873\">Read More<\/a><\/p>\n","protected":false},"author":1,"featured_media":0,"comment_status":"open","ping_status":"open","sticky":false,"template":"","format":"standard","meta":{"_jetpack_memberships_contains_paid_content":false,"footnotes":""},"categories":[19,6],"tags":[],"class_list":["post-5873","post","type-post","status-publish","format-standard","hentry","category-exkursionen","category-facher"],"jetpack_featured_media_url":"","jetpack_sharing_enabled":true,"_links":{"self":[{"href":"http:\/\/schlossparkschule-marksuhl.de\/index.php?rest_route=\/wp\/v2\/posts\/5873","targetHints":{"allow":["GET"]}}],"collection":[{"href":"http:\/\/schlossparkschule-marksuhl.de\/index.php?rest_route=\/wp\/v2\/posts"}],"about":[{"href":"http:\/\/schlossparkschule-marksuhl.de\/index.php?rest_route=\/wp\/v2\/types\/post"}],"author":[{"embeddable":true,"href":"http:\/\/schlossparkschule-marksuhl.de\/index.php?rest_route=\/wp\/v2\/users\/1"}],"replies":[{"embeddable":true,"href":"http:\/\/schlossparkschule-marksuhl.de\/index.php?rest_route=%2Fwp%2Fv2%2Fcomments&post=5873"}],"version-history":[{"count":0,"href":"http:\/\/schlossparkschule-marksuhl.de\/index.php?rest_route=\/wp\/v2\/posts\/5873\/revisions"}],"wp:attachment":[{"href":"http:\/\/schlossparkschule-marksuhl.de\/index.php?rest_route=%2Fwp%2Fv2%2Fmedia&parent=5873"}],"wp:term":[{"taxonomy":"category","embeddable":true,"href":"http:\/\/schlossparkschule-marksuhl.de\/index.php?rest_route=%2Fwp%2Fv2%2Fcategories&post=5873"},{"taxonomy":"post_tag","embeddable":true,"href":"http:\/\/schlossparkschule-marksuhl.de\/index.php?rest_route=%2Fwp%2Fv2%2Ftags&post=5873"}],"curies":[{"name":"wp","href":"https:\/\/api.w.org\/{rel}","templated":true}]}}