{"id":6185,"date":"2013-04-07T16:37:58","date_gmt":"2013-04-07T15:37:58","guid":{"rendered":"http:\/\/www.schlossparkschule-marksuhl.de\/?p=6185"},"modified":"2013-04-11T20:03:28","modified_gmt":"2013-04-11T19:03:28","slug":"gut-gestarkt-in-die-osterferien","status":"publish","type":"post","link":"http:\/\/schlossparkschule-marksuhl.de\/?p=6185","title":{"rendered":"Gut gest\u00e4rkt in die Osterferien"},"content":{"rendered":"<div id=\"kad-wp-gallery14\" class=\"kad-wp-gallery kt-gallery-column-2 kad-light-gallery clearfix row-margin-small\"><div class=\"col-xxl-3 col-xl-4 col-lg-6 col-md-6 col-sm-6 col-xs-12 col-ss-12 g_item\"><div class=\"grid_item gallery_item\"><a href=\"http:\/\/schlossparkschule-marksuhl.de\/bilder\/IMG_0396.jpg\" data-rel=\"lightbox\" class=\"gallery-link\"><div class=\"kt-intrinsic\" style=\"padding-bottom:100%;\" itemprop=\"image\" itemscope itemtype=\"http:\/\/schema.org\/ImageObject\"><img loading=\"lazy\" decoding=\"async\" src=\"http:\/\/schlossparkschule-marksuhl.de\/bilder\/IMG_0396-600x600.jpg\" width=\"600\" height=\"600\" alt=\"\" srcset=\"http:\/\/schlossparkschule-marksuhl.de\/bilder\/IMG_0396-600x600.jpg 600w, http:\/\/schlossparkschule-marksuhl.de\/bilder\/IMG_0396-150x150.jpg 150w, http:\/\/schlossparkschule-marksuhl.de\/bilder\/IMG_0396-1200x1200.jpg 1200w\" sizes=\"auto, (max-width: 600px) 100vw, 600px\" class=\"kt-gallery-img\" itemprop=\"contentUrl\" \/><meta itemprop=\"url\" content=\"http:\/\/schlossparkschule-marksuhl.de\/bilder\/IMG_0396-600x600.jpg\"><meta itemprop=\"width\" content=\"600\"><meta itemprop=\"height\" content=\"600>\"><\/div><\/a><\/div><\/div><div class=\"col-xxl-3 col-xl-4 col-lg-6 col-md-6 col-sm-6 col-xs-12 col-ss-12 g_item\"><div class=\"grid_item gallery_item\"><a href=\"http:\/\/schlossparkschule-marksuhl.de\/bilder\/IMG_0390.jpg\" data-rel=\"lightbox\" class=\"gallery-link\"><div class=\"kt-intrinsic\" style=\"padding-bottom:100%;\" itemprop=\"image\" itemscope itemtype=\"http:\/\/schema.org\/ImageObject\"><img loading=\"lazy\" decoding=\"async\" src=\"http:\/\/schlossparkschule-marksuhl.de\/bilder\/IMG_0390-600x600.jpg\" width=\"600\" height=\"600\" alt=\"\" srcset=\"http:\/\/schlossparkschule-marksuhl.de\/bilder\/IMG_0390-600x600.jpg 600w, http:\/\/schlossparkschule-marksuhl.de\/bilder\/IMG_0390-150x150.jpg 150w, http:\/\/schlossparkschule-marksuhl.de\/bilder\/IMG_0390-1200x1200.jpg 1200w\" sizes=\"auto, (max-width: 600px) 100vw, 600px\" class=\"kt-gallery-img\" itemprop=\"contentUrl\" \/><meta itemprop=\"url\" content=\"http:\/\/schlossparkschule-marksuhl.de\/bilder\/IMG_0390-600x600.jpg\"><meta itemprop=\"width\" content=\"600\"><meta itemprop=\"height\" content=\"600>\"><\/div><\/a><\/div><\/div><\/div>\n<p>Die Sch\u00fcler der Klasse 9B bereiteten am letzten Schultag vor den Osterferien gemeinsam mit ihrer Klassenleiterin\u00a0 ein leckeres Osterfr\u00fchst\u00fcck vor.\u00a0Jeder brachte eine Kleinigkeit mit und trug so zum Gelingen des Vorhabens bei.\u00a0Neben M\u00f6hren, Bananen, \u00c4pfeln und Vollkornbrot gab es auch Pizza und nat\u00fcrlich \u00f6sterliches Naschwerk.\u00a0Osterglocken und Ostertischdecken gaben dem Ganzen den letzten Schliff.<\/p>\n<p>&nbsp;<\/p>\n<p>&nbsp;<\/p>\n","protected":false},"excerpt":{"rendered":"<p>Die Sch\u00fcler der Klasse 9B bereiteten am letzten Schultag vor den Osterferien gemeinsam mit ihrer Klassenleiterin\u00a0 ein leckeres Osterfr\u00fchst\u00fcck vor.\u00a0Jeder brachte eine Kleinigkeit mit und trug so zum Gelingen des Vorhabens bei.\u00a0Neben M\u00f6hren, Bananen, \u00c4pfeln und Vollkornbrot gab es auch &hellip; <a class=\"kt-excerpt-readmore more-link\" href=\"http:\/\/schlossparkschule-marksuhl.de\/?p=6185\">Read More<\/a><\/p>\n","protected":false},"author":1,"featured_media":0,"comment_status":"closed","ping_status":"closed","sticky":false,"template":"","format":"standard","meta":{"_jetpack_memberships_contains_paid_content":false,"footnotes":""},"categories":[6],"tags":[],"class_list":["post-6185","post","type-post","status-publish","format-standard","hentry","category-facher"],"jetpack_featured_media_url":"","jetpack_sharing_enabled":true,"_links":{"self":[{"href":"http:\/\/schlossparkschule-marksuhl.de\/index.php?rest_route=\/wp\/v2\/posts\/6185","targetHints":{"allow":["GET"]}}],"collection":[{"href":"http:\/\/schlossparkschule-marksuhl.de\/index.php?rest_route=\/wp\/v2\/posts"}],"about":[{"href":"http:\/\/schlossparkschule-marksuhl.de\/index.php?rest_route=\/wp\/v2\/types\/post"}],"author":[{"embeddable":true,"href":"http:\/\/schlossparkschule-marksuhl.de\/index.php?rest_route=\/wp\/v2\/users\/1"}],"replies":[{"embeddable":true,"href":"http:\/\/schlossparkschule-marksuhl.de\/index.php?rest_route=%2Fwp%2Fv2%2Fcomments&post=6185"}],"version-history":[{"count":0,"href":"http:\/\/schlossparkschule-marksuhl.de\/index.php?rest_route=\/wp\/v2\/posts\/6185\/revisions"}],"wp:attachment":[{"href":"http:\/\/schlossparkschule-marksuhl.de\/index.php?rest_route=%2Fwp%2Fv2%2Fmedia&parent=6185"}],"wp:term":[{"taxonomy":"category","embeddable":true,"href":"http:\/\/schlossparkschule-marksuhl.de\/index.php?rest_route=%2Fwp%2Fv2%2Fcategories&post=6185"},{"taxonomy":"post_tag","embeddable":true,"href":"http:\/\/schlossparkschule-marksuhl.de\/index.php?rest_route=%2Fwp%2Fv2%2Ftags&post=6185"}],"curies":[{"name":"wp","href":"https:\/\/api.w.org\/{rel}","templated":true}]}}