{"id":6201,"date":"2013-04-11T19:55:02","date_gmt":"2013-04-11T18:55:02","guid":{"rendered":"http:\/\/www.schlossparkschule-marksuhl.de\/?p=6201"},"modified":"2013-04-11T20:46:27","modified_gmt":"2013-04-11T19:46:27","slug":"osterkorbchen-und-zaune","status":"publish","type":"post","link":"http:\/\/schlossparkschule-marksuhl.de\/?p=6201","title":{"rendered":"Osterk\u00f6rbchen und Z\u00e4une\u2026."},"content":{"rendered":"<p>&#8230;f\u00fcr unseren Baumgarten im Schulwald waren das Ergebnis einer Extraschicht im Werkraum.<\/p>\n<div id=\"kad-wp-gallery64\" class=\"kad-wp-gallery kt-gallery-column-2 kad-light-gallery clearfix row-margin-small\"><div class=\"col-xxl-3 col-xl-4 col-lg-6 col-md-6 col-sm-6 col-xs-12 col-ss-12 g_item\"><div class=\"grid_item gallery_item\"><a href=\"http:\/\/schlossparkschule-marksuhl.de\/bilder\/IMG_0379.jpg\" data-rel=\"lightbox\" class=\"gallery-link\"><div class=\"kt-intrinsic\" style=\"padding-bottom:100%;\" itemprop=\"image\" itemscope itemtype=\"http:\/\/schema.org\/ImageObject\"><img loading=\"lazy\" decoding=\"async\" src=\"http:\/\/schlossparkschule-marksuhl.de\/bilder\/IMG_0379-600x600.jpg\" width=\"600\" height=\"600\" alt=\"\" srcset=\"http:\/\/schlossparkschule-marksuhl.de\/bilder\/IMG_0379-600x600.jpg 600w, http:\/\/schlossparkschule-marksuhl.de\/bilder\/IMG_0379-150x150.jpg 150w, http:\/\/schlossparkschule-marksuhl.de\/bilder\/IMG_0379-1200x1200.jpg 1200w\" sizes=\"auto, (max-width: 600px) 100vw, 600px\" class=\"kt-gallery-img\" itemprop=\"contentUrl\" \/><meta itemprop=\"url\" content=\"http:\/\/schlossparkschule-marksuhl.de\/bilder\/IMG_0379-600x600.jpg\"><meta itemprop=\"width\" content=\"600\"><meta itemprop=\"height\" content=\"600>\"><\/div><\/a><\/div><\/div><div class=\"col-xxl-3 col-xl-4 col-lg-6 col-md-6 col-sm-6 col-xs-12 col-ss-12 g_item\"><div class=\"grid_item gallery_item\"><a href=\"http:\/\/schlossparkschule-marksuhl.de\/bilder\/IMG_0378.jpg\" data-rel=\"lightbox\" class=\"gallery-link\"><div class=\"kt-intrinsic\" style=\"padding-bottom:100%;\" itemprop=\"image\" itemscope itemtype=\"http:\/\/schema.org\/ImageObject\"><img loading=\"lazy\" decoding=\"async\" src=\"http:\/\/schlossparkschule-marksuhl.de\/bilder\/IMG_0378-600x600.jpg\" width=\"600\" height=\"600\" alt=\"\" srcset=\"http:\/\/schlossparkschule-marksuhl.de\/bilder\/IMG_0378-600x600.jpg 600w, http:\/\/schlossparkschule-marksuhl.de\/bilder\/IMG_0378-150x150.jpg 150w, http:\/\/schlossparkschule-marksuhl.de\/bilder\/IMG_0378-1200x1200.jpg 1200w\" sizes=\"auto, (max-width: 600px) 100vw, 600px\" class=\"kt-gallery-img\" itemprop=\"contentUrl\" \/><meta itemprop=\"url\" content=\"http:\/\/schlossparkschule-marksuhl.de\/bilder\/IMG_0378-600x600.jpg\"><meta itemprop=\"width\" content=\"600\"><meta itemprop=\"height\" content=\"600>\"><\/div><\/a><\/div><\/div><div class=\"col-xxl-3 col-xl-4 col-lg-6 col-md-6 col-sm-6 col-xs-12 col-ss-12 g_item\"><div class=\"grid_item gallery_item\"><a href=\"http:\/\/schlossparkschule-marksuhl.de\/bilder\/IMG_0373.jpg\" data-rel=\"lightbox\" class=\"gallery-link\"><div class=\"kt-intrinsic\" style=\"padding-bottom:100%;\" itemprop=\"image\" itemscope itemtype=\"http:\/\/schema.org\/ImageObject\"><img loading=\"lazy\" decoding=\"async\" src=\"http:\/\/schlossparkschule-marksuhl.de\/bilder\/IMG_0373-600x600.jpg\" width=\"600\" height=\"600\" alt=\"\" srcset=\"http:\/\/schlossparkschule-marksuhl.de\/bilder\/IMG_0373-600x600.jpg 600w, http:\/\/schlossparkschule-marksuhl.de\/bilder\/IMG_0373-150x150.jpg 150w, http:\/\/schlossparkschule-marksuhl.de\/bilder\/IMG_0373-1200x1200.jpg 1200w\" sizes=\"auto, (max-width: 600px) 100vw, 600px\" class=\"kt-gallery-img\" itemprop=\"contentUrl\" \/><meta itemprop=\"url\" content=\"http:\/\/schlossparkschule-marksuhl.de\/bilder\/IMG_0373-600x600.jpg\"><meta itemprop=\"width\" content=\"600\"><meta itemprop=\"height\" content=\"600>\"><\/div><\/a><\/div><\/div><div class=\"col-xxl-3 col-xl-4 col-lg-6 col-md-6 col-sm-6 col-xs-12 col-ss-12 g_item\"><div class=\"grid_item gallery_item\"><a href=\"http:\/\/schlossparkschule-marksuhl.de\/bilder\/IMG_0371.jpg\" data-rel=\"lightbox\" class=\"gallery-link\"><div class=\"kt-intrinsic\" style=\"padding-bottom:100%;\" itemprop=\"image\" itemscope itemtype=\"http:\/\/schema.org\/ImageObject\"><img loading=\"lazy\" decoding=\"async\" src=\"http:\/\/schlossparkschule-marksuhl.de\/bilder\/IMG_0371-600x600.jpg\" width=\"600\" height=\"600\" alt=\"\" srcset=\"http:\/\/schlossparkschule-marksuhl.de\/bilder\/IMG_0371-600x600.jpg 600w, http:\/\/schlossparkschule-marksuhl.de\/bilder\/IMG_0371-150x150.jpg 150w, http:\/\/schlossparkschule-marksuhl.de\/bilder\/IMG_0371-1200x1200.jpg 1200w\" sizes=\"auto, (max-width: 600px) 100vw, 600px\" class=\"kt-gallery-img\" itemprop=\"contentUrl\" \/><meta itemprop=\"url\" content=\"http:\/\/schlossparkschule-marksuhl.de\/bilder\/IMG_0371-600x600.jpg\"><meta itemprop=\"width\" content=\"600\"><meta itemprop=\"height\" content=\"600>\"><\/div><\/a><\/div><\/div><\/div>\n<p>Maximilian I\u00dfleib, Anthony Schwanz, Fabian Preu\u00df, Lotta K\u00f6rner und Anja Gutsch(alle Sch\u00fcler der 5B) trafen sich dort, um mit ihrer Klassenleiterin Frau Fabig und Herrn Gratz, die k\u00fcrzlich geschnittenen Weiden\u00e4ste unserer in Pflege genommenen Kopfweiden zu verarbeiten. Sehr lobenswert ist die Unterst\u00fctzung durch Benjamin Kleinhans. Er hatte w\u00e4hrend einer Projektwoche das Flechten von Weiden von Herrn Gratz gelernt und konnte dies nun an die \u201eKleinen\u201c weitergeben. Danke!<\/p>\n","protected":false},"excerpt":{"rendered":"<p>&#8230;f\u00fcr unseren Baumgarten im Schulwald waren das Ergebnis einer Extraschicht im Werkraum. Maximilian I\u00dfleib, Anthony Schwanz, Fabian Preu\u00df, Lotta K\u00f6rner und Anja Gutsch(alle Sch\u00fcler der 5B) trafen sich dort, um mit ihrer Klassenleiterin Frau Fabig und Herrn Gratz, die k\u00fcrzlich &hellip; <a class=\"kt-excerpt-readmore more-link\" href=\"http:\/\/schlossparkschule-marksuhl.de\/?p=6201\">Read More<\/a><\/p>\n","protected":false},"author":1,"featured_media":0,"comment_status":"closed","ping_status":"closed","sticky":false,"template":"","format":"standard","meta":{"_jetpack_memberships_contains_paid_content":false,"footnotes":""},"categories":[11,27,15],"tags":[],"class_list":["post-6201","post","type-post","status-publish","format-standard","hentry","category-projekte","category-schulwald","category-umweltschule"],"jetpack_featured_media_url":"","jetpack_sharing_enabled":true,"_links":{"self":[{"href":"http:\/\/schlossparkschule-marksuhl.de\/index.php?rest_route=\/wp\/v2\/posts\/6201","targetHints":{"allow":["GET"]}}],"collection":[{"href":"http:\/\/schlossparkschule-marksuhl.de\/index.php?rest_route=\/wp\/v2\/posts"}],"about":[{"href":"http:\/\/schlossparkschule-marksuhl.de\/index.php?rest_route=\/wp\/v2\/types\/post"}],"author":[{"embeddable":true,"href":"http:\/\/schlossparkschule-marksuhl.de\/index.php?rest_route=\/wp\/v2\/users\/1"}],"replies":[{"embeddable":true,"href":"http:\/\/schlossparkschule-marksuhl.de\/index.php?rest_route=%2Fwp%2Fv2%2Fcomments&post=6201"}],"version-history":[{"count":0,"href":"http:\/\/schlossparkschule-marksuhl.de\/index.php?rest_route=\/wp\/v2\/posts\/6201\/revisions"}],"wp:attachment":[{"href":"http:\/\/schlossparkschule-marksuhl.de\/index.php?rest_route=%2Fwp%2Fv2%2Fmedia&parent=6201"}],"wp:term":[{"taxonomy":"category","embeddable":true,"href":"http:\/\/schlossparkschule-marksuhl.de\/index.php?rest_route=%2Fwp%2Fv2%2Fcategories&post=6201"},{"taxonomy":"post_tag","embeddable":true,"href":"http:\/\/schlossparkschule-marksuhl.de\/index.php?rest_route=%2Fwp%2Fv2%2Ftags&post=6201"}],"curies":[{"name":"wp","href":"https:\/\/api.w.org\/{rel}","templated":true}]}}