{"id":6489,"date":"2013-05-29T17:40:22","date_gmt":"2013-05-29T16:40:22","guid":{"rendered":"http:\/\/www.schlossparkschule-marksuhl.de\/?p=6489"},"modified":"2013-05-29T17:40:22","modified_gmt":"2013-05-29T16:40:22","slug":"sozialer-tag-3","status":"publish","type":"post","link":"http:\/\/schlossparkschule-marksuhl.de\/?p=6489","title":{"rendered":"Sozialer Tag"},"content":{"rendered":"<p>Auch wenn noch ein paar Tage Zeit sind bis zu unserem diesj\u00e4hrigen &#8222;Sozialen Tag&#8220;: Wer sich fr\u00fch um einen Platz k\u00fcmmert, hat meist einen Vorteil und muss am Ende nicht nehmen, was \u00fcbrig bleibt. Also &#8222;der fr\u00fche Vogel f\u00e4ngt den Wurm&#8220;!!!<br \/>\n<a href=\"http:\/\/www.schlossparkschule-marksuhl.de\/bilder\/Sozialer-Tag-Schulinformation-2013.doc\">Sozialer Tag Schulinformation 2013<\/a>\u00a0Ein Infoblatt f\u00fcr die Einrichtung, an der ihr helfen wollt&#8230;<\/p>\n","protected":false},"excerpt":{"rendered":"<p>Auch wenn noch ein paar Tage Zeit sind bis zu unserem diesj\u00e4hrigen &#8222;Sozialen Tag&#8220;: Wer sich fr\u00fch um einen Platz k\u00fcmmert, hat meist einen Vorteil und muss am Ende nicht nehmen, was \u00fcbrig bleibt. Also &#8222;der fr\u00fche Vogel f\u00e4ngt den &hellip; <a class=\"kt-excerpt-readmore more-link\" href=\"http:\/\/schlossparkschule-marksuhl.de\/?p=6489\">Read More<\/a><\/p>\n","protected":false},"author":1,"featured_media":0,"comment_status":"closed","ping_status":"closed","sticky":false,"template":"","format":"standard","meta":{"_jetpack_memberships_contains_paid_content":false,"footnotes":""},"categories":[30,11,15],"tags":[],"class_list":["post-6489","post","type-post","status-publish","format-standard","hentry","category-kooperationspartner","category-projekte","category-umweltschule"],"jetpack_featured_media_url":"","jetpack_sharing_enabled":true,"_links":{"self":[{"href":"http:\/\/schlossparkschule-marksuhl.de\/index.php?rest_route=\/wp\/v2\/posts\/6489","targetHints":{"allow":["GET"]}}],"collection":[{"href":"http:\/\/schlossparkschule-marksuhl.de\/index.php?rest_route=\/wp\/v2\/posts"}],"about":[{"href":"http:\/\/schlossparkschule-marksuhl.de\/index.php?rest_route=\/wp\/v2\/types\/post"}],"author":[{"embeddable":true,"href":"http:\/\/schlossparkschule-marksuhl.de\/index.php?rest_route=\/wp\/v2\/users\/1"}],"replies":[{"embeddable":true,"href":"http:\/\/schlossparkschule-marksuhl.de\/index.php?rest_route=%2Fwp%2Fv2%2Fcomments&post=6489"}],"version-history":[{"count":0,"href":"http:\/\/schlossparkschule-marksuhl.de\/index.php?rest_route=\/wp\/v2\/posts\/6489\/revisions"}],"wp:attachment":[{"href":"http:\/\/schlossparkschule-marksuhl.de\/index.php?rest_route=%2Fwp%2Fv2%2Fmedia&parent=6489"}],"wp:term":[{"taxonomy":"category","embeddable":true,"href":"http:\/\/schlossparkschule-marksuhl.de\/index.php?rest_route=%2Fwp%2Fv2%2Fcategories&post=6489"},{"taxonomy":"post_tag","embeddable":true,"href":"http:\/\/schlossparkschule-marksuhl.de\/index.php?rest_route=%2Fwp%2Fv2%2Ftags&post=6489"}],"curies":[{"name":"wp","href":"https:\/\/api.w.org\/{rel}","templated":true}]}}