{"id":7752,"date":"2014-04-14T18:19:10","date_gmt":"2014-04-14T17:19:10","guid":{"rendered":"http:\/\/www.schlossparkschule-marksuhl.de\/?p=7752"},"modified":"2014-04-14T18:21:02","modified_gmt":"2014-04-14T17:21:02","slug":"kopfweidenschnitt-2","status":"publish","type":"post","link":"http:\/\/schlossparkschule-marksuhl.de\/?p=7752","title":{"rendered":"Kopfweidenschnitt"},"content":{"rendered":"<p>Ein zweiter Arbeitseinsatz an unseren Kopfweiden war noch notwendig, um die Friseurarbeiten abzuschlie\u00dfen. Benjamin und Kristof legten noch einmal Schere und S\u00e4ge an. Nun kann der Fr\u00fchling kommen. Im Herbst wollen wir wieder ernten, f\u00fcr K\u00f6rbe und kleine Bastelarbeiten&#8230;<\/p>\n<div id=\"kad-wp-gallery32\" class=\"kad-wp-gallery kt-gallery-column-2 kad-light-gallery clearfix row-margin-small\"><div class=\"col-xxl-3 col-xl-4 col-lg-6 col-md-6 col-sm-6 col-xs-12 col-ss-12 g_item\"><div class=\"grid_item gallery_item\"><a href=\"http:\/\/schlossparkschule-marksuhl.de\/bilder\/2014-04-07-13.59.27.jpg\" data-rel=\"lightbox\" class=\"gallery-link\"><div class=\"kt-intrinsic\" style=\"padding-bottom:100%;\" itemprop=\"image\" itemscope itemtype=\"http:\/\/schema.org\/ImageObject\"><img loading=\"lazy\" decoding=\"async\" src=\"http:\/\/schlossparkschule-marksuhl.de\/bilder\/2014-04-07-13.59.27-600x600.jpg\" width=\"600\" height=\"600\" alt=\"\" srcset=\"http:\/\/schlossparkschule-marksuhl.de\/bilder\/2014-04-07-13.59.27-600x600.jpg 600w, http:\/\/schlossparkschule-marksuhl.de\/bilder\/2014-04-07-13.59.27-150x150.jpg 150w, http:\/\/schlossparkschule-marksuhl.de\/bilder\/2014-04-07-13.59.27-144x144.jpg 144w\" sizes=\"auto, (max-width: 600px) 100vw, 600px\" class=\"kt-gallery-img\" itemprop=\"contentUrl\" \/><meta itemprop=\"url\" content=\"http:\/\/schlossparkschule-marksuhl.de\/bilder\/2014-04-07-13.59.27-600x600.jpg\"><meta itemprop=\"width\" content=\"600\"><meta itemprop=\"height\" content=\"600>\"><\/div><\/a><\/div><\/div><div class=\"col-xxl-3 col-xl-4 col-lg-6 col-md-6 col-sm-6 col-xs-12 col-ss-12 g_item\"><div class=\"grid_item gallery_item\"><a href=\"http:\/\/schlossparkschule-marksuhl.de\/bilder\/2014-04-07-13.59.39.jpg\" data-rel=\"lightbox\" class=\"gallery-link\"><div class=\"kt-intrinsic\" style=\"padding-bottom:100%;\" itemprop=\"image\" itemscope itemtype=\"http:\/\/schema.org\/ImageObject\"><img loading=\"lazy\" decoding=\"async\" src=\"http:\/\/schlossparkschule-marksuhl.de\/bilder\/2014-04-07-13.59.39-600x600.jpg\" width=\"600\" height=\"600\" alt=\"\" srcset=\"http:\/\/schlossparkschule-marksuhl.de\/bilder\/2014-04-07-13.59.39-600x600.jpg 600w, http:\/\/schlossparkschule-marksuhl.de\/bilder\/2014-04-07-13.59.39-150x150.jpg 150w, http:\/\/schlossparkschule-marksuhl.de\/bilder\/2014-04-07-13.59.39-144x144.jpg 144w\" sizes=\"auto, (max-width: 600px) 100vw, 600px\" class=\"kt-gallery-img\" itemprop=\"contentUrl\" \/><meta itemprop=\"url\" content=\"http:\/\/schlossparkschule-marksuhl.de\/bilder\/2014-04-07-13.59.39-600x600.jpg\"><meta itemprop=\"width\" content=\"600\"><meta itemprop=\"height\" content=\"600>\"><\/div><\/a><\/div><\/div><\/div>\n","protected":false},"excerpt":{"rendered":"<p>Ein zweiter Arbeitseinsatz an unseren Kopfweiden war noch notwendig, um die Friseurarbeiten abzuschlie\u00dfen. Benjamin und Kristof legten noch einmal Schere und S\u00e4ge an. Nun kann der Fr\u00fchling kommen. Im Herbst wollen wir wieder ernten, f\u00fcr K\u00f6rbe und kleine Bastelarbeiten&#8230;<\/p>\n","protected":false},"author":1,"featured_media":0,"comment_status":"closed","ping_status":"closed","sticky":false,"template":"","format":"standard","meta":{"_jetpack_memberships_contains_paid_content":false,"footnotes":""},"categories":[4,15],"tags":[],"class_list":["post-7752","post","type-post","status-publish","format-standard","hentry","category-home","category-umweltschule"],"jetpack_featured_media_url":"","jetpack_sharing_enabled":true,"_links":{"self":[{"href":"http:\/\/schlossparkschule-marksuhl.de\/index.php?rest_route=\/wp\/v2\/posts\/7752","targetHints":{"allow":["GET"]}}],"collection":[{"href":"http:\/\/schlossparkschule-marksuhl.de\/index.php?rest_route=\/wp\/v2\/posts"}],"about":[{"href":"http:\/\/schlossparkschule-marksuhl.de\/index.php?rest_route=\/wp\/v2\/types\/post"}],"author":[{"embeddable":true,"href":"http:\/\/schlossparkschule-marksuhl.de\/index.php?rest_route=\/wp\/v2\/users\/1"}],"replies":[{"embeddable":true,"href":"http:\/\/schlossparkschule-marksuhl.de\/index.php?rest_route=%2Fwp%2Fv2%2Fcomments&post=7752"}],"version-history":[{"count":0,"href":"http:\/\/schlossparkschule-marksuhl.de\/index.php?rest_route=\/wp\/v2\/posts\/7752\/revisions"}],"wp:attachment":[{"href":"http:\/\/schlossparkschule-marksuhl.de\/index.php?rest_route=%2Fwp%2Fv2%2Fmedia&parent=7752"}],"wp:term":[{"taxonomy":"category","embeddable":true,"href":"http:\/\/schlossparkschule-marksuhl.de\/index.php?rest_route=%2Fwp%2Fv2%2Fcategories&post=7752"},{"taxonomy":"post_tag","embeddable":true,"href":"http:\/\/schlossparkschule-marksuhl.de\/index.php?rest_route=%2Fwp%2Fv2%2Ftags&post=7752"}],"curies":[{"name":"wp","href":"https:\/\/api.w.org\/{rel}","templated":true}]}}