{"id":8972,"date":"2015-02-25T17:49:54","date_gmt":"2015-02-25T16:49:54","guid":{"rendered":"http:\/\/www.schlossparkschule-marksuhl.de\/?p=8972"},"modified":"2015-02-25T17:50:21","modified_gmt":"2015-02-25T16:50:21","slug":"einladung-zur-anmeldung-der-schueler-der-neuen-klasse-5","status":"publish","type":"post","link":"http:\/\/schlossparkschule-marksuhl.de\/?p=8972","title":{"rendered":"Einladung zur Anmeldung der Sch\u00fcler der neuen Klasse 5"},"content":{"rendered":"<p>Liebe Eltern,<\/p>\n<p>in diesem Jahr erfolgt die pers\u00f6nliche Anmeldung f\u00fcr die Regelsch\u00fcler in der Woche vom 02.03. bis 06.03.2015 an der Schlossparkschule Marksuhl.\u00a0Das Sekretariat ist f\u00fcr Sie zu folgenden Zeiten ge\u00f6ffnet:<\/p>\n<p>Montag: \u00a0 \u00a0 \u00a0 \u00a0 09:00 \u2013 12:00 Uhr\u00a0\u00a0\u00a0\u00a0\u00a0\u00a0\u00a0\u00a0\u00a0\u00a0\u00a0\u00a0\u00a0\u00a0\u00a0\u00a0\u00a0 13:00 \u2013 16:00 Uhr<\/p>\n<p>Dienstag: \u00a0 \u00a0 \u00a0 08:00 \u2013 12:00 Uhr\u00a0\u00a0\u00a0\u00a0\u00a0\u00a0\u00a0\u00a0\u00a0\u00a0\u00a0\u00a0\u00a0\u00a0\u00a0\u00a0\u00a0 13:00 \u2013 15:00 Uhr<\/p>\n<p>Mittwoch: \u00a0 \u00a0 \u00a008:00 \u2013 12:00 Uhr\u00a0\u00a0\u00a0\u00a0\u00a0\u00a0\u00a0\u00a0\u00a0\u00a0\u00a0\u00a0\u00a0\u00a0\u00a0\u00a0\u00a0 13:00 \u2013 15:00 Uhr<\/p>\n<p>Donnerstag: \u00a008:00 \u2013 12:00 Uhr\u00a0\u00a0\u00a0\u00a0\u00a0\u00a0\u00a0\u00a0\u00a0\u00a0\u00a0\u00a0\u00a0\u00a0\u00a0\u00a0\u00a0 13:00 \u2013 14:00 Uhr<\/p>\n<p>Freitag: \u00a0 \u00a0 \u00a0 \u00a0 \u00a0 nach telefonischer Vereinbarung<\/p>\n<p>Bitten bringen Sie folgende Unterlagen zur Anmeldung mit:<\/p>\n<ul>\n<li>Kopie Halbjahreszeugnis<\/li>\n<li>2\u00a0Passbilder<\/li>\n<\/ul>\n<p>Ich freue mich auf Ihr Kommen und verbleibe<\/p>\n<p>mit freundlichen Gr\u00fc\u00dfen<\/p>\n<p>Carmen He\u00df<\/p>\n<p>Schulleiterin<\/p>\n<p>Die schriftliche Einladung mit R\u00fcckantwortschein k\u00f6nnen Sie hier\u00a0downloaden:\u00a0<a href=\"http:\/\/www.schlossparkschule-marksuhl.de\/bilder\/Einladung_Anmeldewoche-2015.pdf\">Einladung_Anmeldewoche 2015<\/a><\/p>\n","protected":false},"excerpt":{"rendered":"<p>Liebe Eltern, in diesem Jahr erfolgt die pers\u00f6nliche Anmeldung f\u00fcr die Regelsch\u00fcler in der Woche vom 02.03. bis 06.03.2015 an der Schlossparkschule Marksuhl.\u00a0Das Sekretariat ist f\u00fcr Sie zu folgenden Zeiten ge\u00f6ffnet: Montag: \u00a0 \u00a0 \u00a0 \u00a0 09:00 \u2013 12:00 Uhr\u00a0\u00a0\u00a0\u00a0\u00a0\u00a0\u00a0\u00a0\u00a0\u00a0\u00a0\u00a0\u00a0\u00a0\u00a0\u00a0\u00a0 &hellip; <a class=\"kt-excerpt-readmore more-link\" href=\"http:\/\/schlossparkschule-marksuhl.de\/?p=8972\">Read More<\/a><\/p>\n","protected":false},"author":1,"featured_media":8378,"comment_status":"closed","ping_status":"closed","sticky":false,"template":"","format":"standard","meta":{"_jetpack_memberships_contains_paid_content":false,"footnotes":""},"categories":[3],"tags":[],"class_list":["post-8972","post","type-post","status-publish","format-standard","has-post-thumbnail","hentry","category-schulleitung"],"jetpack_featured_media_url":"http:\/\/schlossparkschule-marksuhl.de\/bilder\/favicon.jpg","jetpack_sharing_enabled":true,"_links":{"self":[{"href":"http:\/\/schlossparkschule-marksuhl.de\/index.php?rest_route=\/wp\/v2\/posts\/8972","targetHints":{"allow":["GET"]}}],"collection":[{"href":"http:\/\/schlossparkschule-marksuhl.de\/index.php?rest_route=\/wp\/v2\/posts"}],"about":[{"href":"http:\/\/schlossparkschule-marksuhl.de\/index.php?rest_route=\/wp\/v2\/types\/post"}],"author":[{"embeddable":true,"href":"http:\/\/schlossparkschule-marksuhl.de\/index.php?rest_route=\/wp\/v2\/users\/1"}],"replies":[{"embeddable":true,"href":"http:\/\/schlossparkschule-marksuhl.de\/index.php?rest_route=%2Fwp%2Fv2%2Fcomments&post=8972"}],"version-history":[{"count":0,"href":"http:\/\/schlossparkschule-marksuhl.de\/index.php?rest_route=\/wp\/v2\/posts\/8972\/revisions"}],"wp:featuredmedia":[{"embeddable":true,"href":"http:\/\/schlossparkschule-marksuhl.de\/index.php?rest_route=\/wp\/v2\/media\/8378"}],"wp:attachment":[{"href":"http:\/\/schlossparkschule-marksuhl.de\/index.php?rest_route=%2Fwp%2Fv2%2Fmedia&parent=8972"}],"wp:term":[{"taxonomy":"category","embeddable":true,"href":"http:\/\/schlossparkschule-marksuhl.de\/index.php?rest_route=%2Fwp%2Fv2%2Fcategories&post=8972"},{"taxonomy":"post_tag","embeddable":true,"href":"http:\/\/schlossparkschule-marksuhl.de\/index.php?rest_route=%2Fwp%2Fv2%2Ftags&post=8972"}],"curies":[{"name":"wp","href":"https:\/\/api.w.org\/{rel}","templated":true}]}}