{"id":8983,"date":"2015-03-01T16:38:16","date_gmt":"2015-03-01T15:38:16","guid":{"rendered":"http:\/\/www.schlossparkschule-marksuhl.de\/?p=8983"},"modified":"2015-03-03T14:06:00","modified_gmt":"2015-03-03T13:06:00","slug":"skilager-2015","status":"publish","type":"post","link":"http:\/\/schlossparkschule-marksuhl.de\/?p=8983","title":{"rendered":"Skilager 2015"},"content":{"rendered":"<p><a href=\"http:\/\/www.schlossparkschule-marksuhl.de\/bilder\/aussichtsturm.jpg\"><img loading=\"lazy\" decoding=\"async\" class=\"alignnone size-full wp-image-8987\" src=\"http:\/\/www.schlossparkschule-marksuhl.de\/bilder\/aussichtsturm.jpg\" alt=\"aussichtsturm\" width=\"400\" height=\"294\" srcset=\"http:\/\/schlossparkschule-marksuhl.de\/bilder\/aussichtsturm.jpg 400w, http:\/\/schlossparkschule-marksuhl.de\/bilder\/aussichtsturm-150x110.jpg 150w, http:\/\/schlossparkschule-marksuhl.de\/bilder\/aussichtsturm-250x184.jpg 250w\" sizes=\"auto, (max-width: 400px) 100vw, 400px\" \/><\/a><\/p>\n<p>Das diesj\u00e4hrige Skilager r\u00fcckt f\u00fcr alle Teilnehmer immer n\u00e4her.<\/p>\n<p>Nur noch wenige Tage und es geht los Richtung S\u00fcdtirol&#8230;<\/p>\n<p>Damit das Warten nicht zu lang wird, hier ein paar zus\u00e4tzliche Informationen:<\/p>\n<p>Unser Hotel:\u00a0<a title=\"Hotel Schl\u00f6ssl in Uttenheim\" href=\"http:\/\/www.hotel-schloessl.it\" target=\"_blank\">http:\/\/www.hotel-schloessl.it<\/a><\/p>\n<p>Unser Skigebiet:\u00a0<a title=\"Skigebiet Speckboden\" href=\"http:\/\/www.speikboden.it\/startseite\/startseite-d.php\" target=\"_blank\">http:\/\/www.speikboden.it\/startseite\/startseite-d.php<\/a><\/p>\n<p>Wetter in S\u00fcdtirol:\u00a0<a title=\"Wetter\" href=\"http:\/\/www.speikboden.it\/wetter\/wetter-d.php\" target=\"_blank\">http:\/\/www.speikboden.it\/wetter\/wetter-d.php<\/a><\/p>\n<p><a href=\"http:\/\/www.speikboden.it\/webcam\/aktuell\/panorama1-gross.jpg\">panorama1-gross.jpg<\/a><\/p>\n<p>Ganz wichtig: Unser Bus f\u00e4hrt am Sonntag vom Markt in Marksuhl. Wir treffen uns dort um 5.35 Uhr. Bitte seid alle p\u00fcnktlich!<\/p>\n","protected":false},"excerpt":{"rendered":"<p>Das diesj\u00e4hrige Skilager r\u00fcckt f\u00fcr alle Teilnehmer immer n\u00e4her. Nur noch wenige Tage und es geht los Richtung S\u00fcdtirol&#8230; Damit das Warten nicht zu lang wird, hier ein paar zus\u00e4tzliche Informationen: Unser Hotel:\u00a0http:\/\/www.hotel-schloessl.it Unser Skigebiet:\u00a0http:\/\/www.speikboden.it\/startseite\/startseite-d.php Wetter in S\u00fcdtirol:\u00a0http:\/\/www.speikboden.it\/wetter\/wetter-d.php panorama1-gross.jpg Ganz &hellip; <a class=\"kt-excerpt-readmore more-link\" href=\"http:\/\/schlossparkschule-marksuhl.de\/?p=8983\">Read More<\/a><\/p>\n","protected":false},"author":1,"featured_media":8987,"comment_status":"open","ping_status":"open","sticky":false,"template":"","format":"standard","meta":{"_jetpack_memberships_contains_paid_content":false,"footnotes":""},"categories":[9],"tags":[],"class_list":["post-8983","post","type-post","status-publish","format-standard","has-post-thumbnail","hentry","category-schulsport"],"jetpack_featured_media_url":"http:\/\/schlossparkschule-marksuhl.de\/bilder\/aussichtsturm.jpg","jetpack_sharing_enabled":true,"_links":{"self":[{"href":"http:\/\/schlossparkschule-marksuhl.de\/index.php?rest_route=\/wp\/v2\/posts\/8983","targetHints":{"allow":["GET"]}}],"collection":[{"href":"http:\/\/schlossparkschule-marksuhl.de\/index.php?rest_route=\/wp\/v2\/posts"}],"about":[{"href":"http:\/\/schlossparkschule-marksuhl.de\/index.php?rest_route=\/wp\/v2\/types\/post"}],"author":[{"embeddable":true,"href":"http:\/\/schlossparkschule-marksuhl.de\/index.php?rest_route=\/wp\/v2\/users\/1"}],"replies":[{"embeddable":true,"href":"http:\/\/schlossparkschule-marksuhl.de\/index.php?rest_route=%2Fwp%2Fv2%2Fcomments&post=8983"}],"version-history":[{"count":0,"href":"http:\/\/schlossparkschule-marksuhl.de\/index.php?rest_route=\/wp\/v2\/posts\/8983\/revisions"}],"wp:featuredmedia":[{"embeddable":true,"href":"http:\/\/schlossparkschule-marksuhl.de\/index.php?rest_route=\/wp\/v2\/media\/8987"}],"wp:attachment":[{"href":"http:\/\/schlossparkschule-marksuhl.de\/index.php?rest_route=%2Fwp%2Fv2%2Fmedia&parent=8983"}],"wp:term":[{"taxonomy":"category","embeddable":true,"href":"http:\/\/schlossparkschule-marksuhl.de\/index.php?rest_route=%2Fwp%2Fv2%2Fcategories&post=8983"},{"taxonomy":"post_tag","embeddable":true,"href":"http:\/\/schlossparkschule-marksuhl.de\/index.php?rest_route=%2Fwp%2Fv2%2Ftags&post=8983"}],"curies":[{"name":"wp","href":"https:\/\/api.w.org\/{rel}","templated":true}]}}