{"id":9062,"date":"2015-03-12T16:20:38","date_gmt":"2015-03-12T15:20:38","guid":{"rendered":"http:\/\/www.schlossparkschule-marksuhl.de\/?p=9062"},"modified":"2015-04-04T18:50:35","modified_gmt":"2015-04-04T17:50:35","slug":"ob-1-in-wilhelmsthal-vom-2-bis-6-maerz-2015","status":"publish","type":"post","link":"http:\/\/schlossparkschule-marksuhl.de\/?p=9062","title":{"rendered":"OB 1 in Wilhelmsthal vom 2. bis 6. M\u00e4rz 2015"},"content":{"rendered":"<p>Mal wieder waren unsere 7. Klassen zum ersten Praktikum im tbz Wilhelmthal. Diesmal kommen die Gruppen selbst zu Wort und schildern ihre Erfahrungen.<\/p>\n<p><strong>B\u00fcro\/Verwaltung TBZ 2015<\/strong><br \/>\nVom 02.03 &#8211; 06.03.2015 fand das TBZ-Praktikum der beiden siebten Klassen statt. In der Gruppe \u201eB\u00fcro\/Verwaltung\u201c haben wir am Montag eine Inventur gemacht, die wir sp\u00e4ter in Excel erarbeitet haben. Am Dienstag beendeten wir die Handelskalkulation, erst schriftlich und dann in Excel. Mittwoch fingen wir mit einem Mathe-Test an. Danach schrieben wir in Word einen Lebenslauf und eine Bewerbung. Sp\u00e4ter bekamen wir Vorlagen f\u00fcr eine Personenbeschreibung. Am Donnerstag absolvierten wir einen Geografie-Test. Dann bearbeiteten wir eine Routenplanung f\u00fcr 10 Kunden. Freitag haben wir dann noch einen Test zur Sprachbeherrschung geschrieben. Jeder durfte sich dann ein Thema aussuchen und dazu haben wir eine Pr\u00e4sentation in Power Point erstellt. Dann werteten wir die Woche mit Herrn Wei\u00dfe aus und sind anschlie\u00dfend wieder in die Schule zur\u00fcck gefahren. Es hat uns sehr gut gefallen.<br \/>\nVon: Lena, Celina, Sophie, Anthony, Darius<\/p>\n<p style=\"text-align: left;\"><a href=\"http:\/\/www.schlossparkschule-marksuhl.de\/bilder\/WV1.jpg\"><img loading=\"lazy\" decoding=\"async\" class=\"  aligncenter wp-image-9060 size-medium\" src=\"http:\/\/www.schlossparkschule-marksuhl.de\/bilder\/WV1-600x445.jpg\" alt=\"WV1\" width=\"600\" height=\"445\" srcset=\"http:\/\/schlossparkschule-marksuhl.de\/bilder\/WV1-600x445.jpg 600w, http:\/\/schlossparkschule-marksuhl.de\/bilder\/WV1-150x111.jpg 150w, http:\/\/schlossparkschule-marksuhl.de\/bilder\/WV1-1024x760.jpg 1024w, http:\/\/schlossparkschule-marksuhl.de\/bilder\/WV1-250x186.jpg 250w, http:\/\/schlossparkschule-marksuhl.de\/bilder\/WV1-900x668.jpg 900w\" sizes=\"auto, (max-width: 600px) 100vw, 600px\" \/><\/a><\/p>\n<p>\u00a0<strong>UNSER PRAKTIKUM IN WILHELMSTAL<\/strong><\/p>\n<p>Am Montag, den 02.03.2015 bis Freitag den 06.03.2015 war die Praktikumswoche der Klassenstufe 7a und 7b in Wilhelmstal. In der Gruppe Farbtechnik hatten sich Luisa Marschall, Jasmin Wolf und Helena Schwebel aus der Klasse 7a und Sascha Jentzsch, Lotta K\u00f6rner und Adrian Semisch aus der Klasse 7b eingetragen.\u00a0Wir wurden von unserem Betreuer ins Haus C gef\u00fchrt, wo wir die ganze Woche \u00fcber Aufgaben erf\u00fcllt haben. Als erstes haben wir uns und der Betreuer sich vorgestellt, danach haben wir ein Namensschild aus Holz angefertigt. Zun\u00e4chst machten wir Patchwork mit Tapeten auf einem 50 x 50 cm Holzbrett und dann sollten wir Farben mischen und aus denen einen Farbstern gestalten.<\/p>\n<p>Am Ende jeden Tages mussten wir immer den Raum aufr\u00e4umen und am Ende der Woche mussten wir eine Selbsteinsch\u00e4tzung \u00fcber die Woche machen. Au\u00dferdem haben wir viel \u00fcber Farben und wie man am besten malt gelernt.<\/p>\n<p>von Sascha Jentzsch 7b<\/p>\n<p><a href=\"http:\/\/www.schlossparkschule-marksuhl.de\/bilder\/Farbe2.jpg\"><img loading=\"lazy\" decoding=\"async\" class=\"  alignleft wp-image-9057 size-medium\" src=\"http:\/\/www.schlossparkschule-marksuhl.de\/bilder\/Farbe2-592x450.jpg\" alt=\"Farbe2\" width=\"592\" height=\"450\" srcset=\"http:\/\/schlossparkschule-marksuhl.de\/bilder\/Farbe2-592x450.jpg 592w, http:\/\/schlossparkschule-marksuhl.de\/bilder\/Farbe2-150x114.jpg 150w, http:\/\/schlossparkschule-marksuhl.de\/bilder\/Farbe2-1024x779.jpg 1024w, http:\/\/schlossparkschule-marksuhl.de\/bilder\/Farbe2-250x190.jpg 250w, http:\/\/schlossparkschule-marksuhl.de\/bilder\/Farbe2-900x684.jpg 900w\" sizes=\"auto, (max-width: 592px) 100vw, 592px\" \/><\/a><a href=\"http:\/\/www.schlossparkschule-marksuhl.de\/bilder\/Farbe1.jpg\"><img loading=\"lazy\" decoding=\"async\" class=\"  alignright wp-image-9056 size-medium\" src=\"http:\/\/www.schlossparkschule-marksuhl.de\/bilder\/Farbe1-494x450.jpg\" alt=\"Farbe1\" width=\"494\" height=\"450\" srcset=\"http:\/\/schlossparkschule-marksuhl.de\/bilder\/Farbe1-494x450.jpg 494w, http:\/\/schlossparkschule-marksuhl.de\/bilder\/Farbe1-150x137.jpg 150w, http:\/\/schlossparkschule-marksuhl.de\/bilder\/Farbe1-1024x934.jpg 1024w, http:\/\/schlossparkschule-marksuhl.de\/bilder\/Farbe1-250x228.jpg 250w, http:\/\/schlossparkschule-marksuhl.de\/bilder\/Farbe1-900x821.jpg 900w\" sizes=\"auto, (max-width: 494px) 100vw, 494px\" \/><\/a><\/p>\n<p>&nbsp;<\/p>\n<p>&nbsp;<\/p>\n<p>&nbsp;<\/p>\n<p>&nbsp;<\/p>\n<p>&nbsp;<\/p>\n<p>&nbsp;<\/p>\n<p>&nbsp;<\/p>\n<p>&nbsp;<\/p>\n<p>&nbsp;<\/p>\n<p>&nbsp;<\/p>\n<p>&nbsp;<\/p>\n<p>&nbsp;<\/p>\n<p>&nbsp;<\/p>\n<p>&nbsp;<\/p>\n<p>&nbsp;<\/p>\n<p>&nbsp;<\/p>\n<p>&nbsp;<\/p>\n<p>&nbsp;<\/p>\n<p>&nbsp;<\/p>\n<p>&nbsp;<\/p>\n<p>&nbsp;<\/p>\n<p>&nbsp;<\/p>\n<p><strong>Elektrotechnik<\/strong><\/p>\n<p>Die Woche im TBZ war vom 2.3.15-6.3.15. Die erste Aufgabe war oft eine Selbsteinsch\u00e4tzung vom vorherigen Tag zu notieren. Danach ging es an die L\u00f6tkolben Diese waren nach ungef\u00e4hr 2 min bereit zum Benutzen und hei\u00df genug. Gearbeitet wurde dann bis 9:30 Uhr. Bis 10 Uhr hatten wir Pause und dann ging es weiter mit der Arbeit. Unser Betreuer hie\u00df Herr B\u00f6rner und wir waren alle mit ihm sehr zufrieden. Unser Arbeitsort bestand aus zwei R\u00e4umen, der eine mit den Arbeitsmaterialien und der andere war der \u00dcbungsraum. Unsere Gruppe bestand aus Julian, Felix, Jan, Karl, Armin und Yannick. Wir denken, dass das Verhalten gut war, und mancher benahm sich besser als in der Schule. Positiv waren die verschiedenen Einblicke in die Elektrotechnik und das Arbeiten mit dem L\u00f6tkolben. Negativ waren die hei\u00dfen L\u00f6tkolben zumindest f\u00fcr Felix, der sich das ein oder andere Mal verbrannte. Wir haben gelernt den richtigen Umgang mit dem L\u00f6tkolben und vieles mehr. Wir fanden, dass uns die Woche in TBZ sehr viel Spa\u00df gemacht hat.<\/p>\n<p>Yannick Steinh\u00e4user<\/p>\n<p><a href=\"http:\/\/www.schlossparkschule-marksuhl.de\/bilder\/Elektro1.jpg\"><img loading=\"lazy\" decoding=\"async\" class=\"alignleft  wp-image-9055\" src=\"http:\/\/www.schlossparkschule-marksuhl.de\/bilder\/Elektro1-579x450.jpg\" alt=\"Elektro1\" width=\"363\" height=\"282\" srcset=\"http:\/\/schlossparkschule-marksuhl.de\/bilder\/Elektro1-579x450.jpg 579w, http:\/\/schlossparkschule-marksuhl.de\/bilder\/Elektro1-150x117.jpg 150w, http:\/\/schlossparkschule-marksuhl.de\/bilder\/Elektro1-1024x796.jpg 1024w, http:\/\/schlossparkschule-marksuhl.de\/bilder\/Elektro1-250x194.jpg 250w, http:\/\/schlossparkschule-marksuhl.de\/bilder\/Elektro1-900x700.jpg 900w\" sizes=\"auto, (max-width: 363px) 100vw, 363px\" \/><\/a><\/p>\n<p>&nbsp;<\/p>\n<p>&nbsp;<\/p>\n<p>&nbsp;<\/p>\n<p>&nbsp;<\/p>\n<p>&nbsp;<\/p>\n<p>&nbsp;<\/p>\n<p>&nbsp;<\/p>\n<p><strong>Unsere Woche in der K\u00fcche<\/strong><\/p>\n<p>In der Woche vom 02.03.2015 bis zum 06.03.2015 waren wir im TBZ. Am 1. Tag mussten wir im Schulungsraum eine zweiseitige Belehrung \u00fcber Hygiene und Verhalten in der K\u00fcche abschreiben. Bevor wir mit der Arbeit in der K\u00fcche begonnen hatten, sollten wir die Hygienekleidung anziehen. An jedem Morgen mussten wir eine Selbsteinsch\u00e4tzung zum vorherigen Tag bzw. dem Gericht schreiben. In die K\u00fcche durften wir erst dann, wenn wir\u00a0die H\u00e4nde gewaschen und desinfiziert hatten. Auf unseren Arbeitspl\u00e4tzen hatten wir jeden Tag ein Blatt mit Arbeitsschritten und Lebensmitteln, die wir zum Kochen brauchten, liegen. Diese Arbeitsbl\u00e4tter sollten wir uns immer gr\u00fcndlich durchlesen. Nachdem wir dies getan hatten, mussten wir die Lebensmittel zum Arbeitsplatz holen um damit zu kochen. Wir wurden aufgefordert zwischendurch und am Ende des Tages abzuwaschen und den Arbeitsplatz zu reinigen. In der K\u00fcche gab es 3 Herdplatten, das hei\u00dft es gab 3 Gruppen bestehend aus 2 Sch\u00fclern. In der K\u00fcche sollten wir uns immer leise verhalten. Das ist uns nicht immer leicht gefallen. Positiv fanden wir, dass wir viel Neues \u00fcber das Berufsfeld \u201eK\u00fcche\u201c gelernt haben. Uns hat auch gut gefallen, dass unsere Betreuerin Frau Herget so hilfsbereit und freundlich war. Wir haben gelernt richtig mit K\u00fcchenger\u00e4ten umzugehen und verschiedene Gerichte\u00a0zu kochen.\u00a0Am Ende des Tages durften wir unsere Gerichte selber essen. Das fanden wir sehr gut.<\/p>\n<p>Zubereitet haben wir:<br \/>\nEierkuchen mit Apfelmus, H\u00fchnerfrikassee mit Reis, \u00dcberbackene Hackb\u00e4llchen mit Nudeln, Kartoffelauflauf mit Putensteak und am letzten Tag gab es sehr leckere Muffins. Uns hat die\u00a0Woche sehr gut gefallen.<\/p>\n<p>Max I\u00dfleib<\/p>\n<p><a href=\"http:\/\/www.schlossparkschule-marksuhl.de\/bilder\/K\u00fcche2.jpg\"><img loading=\"lazy\" decoding=\"async\" class=\"alignleft  wp-image-9058\" src=\"http:\/\/www.schlossparkschule-marksuhl.de\/bilder\/K\u00fcche2-600x450.jpg\" alt=\"K\u00fcche2\" width=\"448\" height=\"336\" srcset=\"http:\/\/schlossparkschule-marksuhl.de\/bilder\/K\u00fcche2-600x450.jpg 600w, http:\/\/schlossparkschule-marksuhl.de\/bilder\/K\u00fcche2-150x113.jpg 150w, http:\/\/schlossparkschule-marksuhl.de\/bilder\/K\u00fcche2-1024x768.jpg 1024w, http:\/\/schlossparkschule-marksuhl.de\/bilder\/K\u00fcche2-250x188.jpg 250w, http:\/\/schlossparkschule-marksuhl.de\/bilder\/K\u00fcche2-900x675.jpg 900w, http:\/\/schlossparkschule-marksuhl.de\/bilder\/K\u00fcche2-960x720.jpg 960w, http:\/\/schlossparkschule-marksuhl.de\/bilder\/K\u00fcche2-480x360.jpg 480w, http:\/\/schlossparkschule-marksuhl.de\/bilder\/K\u00fcche2-840x630.jpg 840w, http:\/\/schlossparkschule-marksuhl.de\/bilder\/K\u00fcche2-420x315.jpg 420w\" sizes=\"auto, (max-width: 448px) 100vw, 448px\" \/><\/a><\/p>\n<p>&nbsp;<\/p>\n","protected":false},"excerpt":{"rendered":"<p>Mal wieder waren unsere 7. Klassen zum ersten Praktikum im tbz Wilhelmthal. Diesmal kommen die Gruppen selbst zu Wort und schildern ihre Erfahrungen. B\u00fcro\/Verwaltung TBZ 2015 Vom 02.03 &#8211; 06.03.2015 fand das TBZ-Praktikum der beiden siebten Klassen statt. In der &hellip; <a class=\"kt-excerpt-readmore more-link\" href=\"http:\/\/schlossparkschule-marksuhl.de\/?p=9062\">Read More<\/a><\/p>\n","protected":false},"author":1,"featured_media":9058,"comment_status":"open","ping_status":"open","sticky":false,"template":"","format":"standard","meta":{"_jetpack_memberships_contains_paid_content":false,"footnotes":""},"categories":[16,4],"tags":[],"class_list":["post-9062","post","type-post","status-publish","format-standard","has-post-thumbnail","hentry","category-berufsvorbereitung","category-home"],"jetpack_featured_media_url":"http:\/\/schlossparkschule-marksuhl.de\/bilder\/K\u00fcche2.jpg","jetpack_sharing_enabled":true,"_links":{"self":[{"href":"http:\/\/schlossparkschule-marksuhl.de\/index.php?rest_route=\/wp\/v2\/posts\/9062","targetHints":{"allow":["GET"]}}],"collection":[{"href":"http:\/\/schlossparkschule-marksuhl.de\/index.php?rest_route=\/wp\/v2\/posts"}],"about":[{"href":"http:\/\/schlossparkschule-marksuhl.de\/index.php?rest_route=\/wp\/v2\/types\/post"}],"author":[{"embeddable":true,"href":"http:\/\/schlossparkschule-marksuhl.de\/index.php?rest_route=\/wp\/v2\/users\/1"}],"replies":[{"embeddable":true,"href":"http:\/\/schlossparkschule-marksuhl.de\/index.php?rest_route=%2Fwp%2Fv2%2Fcomments&post=9062"}],"version-history":[{"count":0,"href":"http:\/\/schlossparkschule-marksuhl.de\/index.php?rest_route=\/wp\/v2\/posts\/9062\/revisions"}],"wp:featuredmedia":[{"embeddable":true,"href":"http:\/\/schlossparkschule-marksuhl.de\/index.php?rest_route=\/wp\/v2\/media\/9058"}],"wp:attachment":[{"href":"http:\/\/schlossparkschule-marksuhl.de\/index.php?rest_route=%2Fwp%2Fv2%2Fmedia&parent=9062"}],"wp:term":[{"taxonomy":"category","embeddable":true,"href":"http:\/\/schlossparkschule-marksuhl.de\/index.php?rest_route=%2Fwp%2Fv2%2Fcategories&post=9062"},{"taxonomy":"post_tag","embeddable":true,"href":"http:\/\/schlossparkschule-marksuhl.de\/index.php?rest_route=%2Fwp%2Fv2%2Ftags&post=9062"}],"curies":[{"name":"wp","href":"https:\/\/api.w.org\/{rel}","templated":true}]}}