{"id":9154,"date":"2015-03-25T14:16:02","date_gmt":"2015-03-25T13:16:02","guid":{"rendered":"http:\/\/www.schlossparkschule-marksuhl.de\/?p=9154"},"modified":"2015-03-25T14:16:02","modified_gmt":"2015-03-25T13:16:02","slug":"kopfweidenfriseure","status":"publish","type":"post","link":"http:\/\/schlossparkschule-marksuhl.de\/?p=9154","title":{"rendered":"Kopfweidenfriseure"},"content":{"rendered":"<p>Kopfweidenfriseure waren am Montag (23.M\u00e4rz) wieder in Marksuhl unterwegs. Felix, Yannik, Kristof und Benjamin schnitten gemeinsam mit Herrn Fibich die Korbweiden in Marksuhl. Wie schon in den vergangenen Jahren sorgten sie mit dieser Aktion daf\u00fcr, dass die Korbweiden als wertvolle Kleinbiotope erhalten bleiben. Denn w\u00fcrden die Weiden nicht geschnitten, so w\u00fcrden sie schon sehr bald auseinanderbrechen.<\/p>\n<div id=\"kad-wp-gallery93\" class=\"kad-wp-gallery kt-gallery-column-3 kad-light-gallery clearfix row-margin-small\"><div class=\"col-xxl-25 col-xl-3 col-lg-4 col-md-4 col-sm-4 col-xs-6 col-ss-12 g_item\"><div class=\"grid_item gallery_item\"><a href=\"http:\/\/schlossparkschule-marksuhl.de\/bilder\/Weidenschnitt03.jpg\" data-rel=\"lightbox\" class=\"gallery-link\"><div class=\"kt-intrinsic\" style=\"padding-bottom:100%;\" itemprop=\"image\" itemscope itemtype=\"http:\/\/schema.org\/ImageObject\"><img loading=\"lazy\" decoding=\"async\" src=\"http:\/\/schlossparkschule-marksuhl.de\/bilder\/Weidenschnitt03-400x400.jpg\" width=\"400\" height=\"400\" alt=\"\" srcset=\"http:\/\/schlossparkschule-marksuhl.de\/bilder\/Weidenschnitt03-400x400.jpg 400w, http:\/\/schlossparkschule-marksuhl.de\/bilder\/Weidenschnitt03-150x150.jpg 150w, http:\/\/schlossparkschule-marksuhl.de\/bilder\/Weidenschnitt03-450x450.jpg 450w, http:\/\/schlossparkschule-marksuhl.de\/bilder\/Weidenschnitt03-250x250.jpg 250w, http:\/\/schlossparkschule-marksuhl.de\/bilder\/Weidenschnitt03-144x144.jpg 144w, http:\/\/schlossparkschule-marksuhl.de\/bilder\/Weidenschnitt03.jpg 600w\" sizes=\"auto, (max-width: 400px) 100vw, 400px\" class=\"kt-gallery-img\" itemprop=\"contentUrl\" \/><meta itemprop=\"url\" content=\"http:\/\/schlossparkschule-marksuhl.de\/bilder\/Weidenschnitt03-400x400.jpg\"><meta itemprop=\"width\" content=\"400\"><meta itemprop=\"height\" content=\"400>\"><\/div><\/a><\/div><\/div><div class=\"col-xxl-25 col-xl-3 col-lg-4 col-md-4 col-sm-4 col-xs-6 col-ss-12 g_item\"><div class=\"grid_item gallery_item\"><a href=\"http:\/\/schlossparkschule-marksuhl.de\/bilder\/Weidenschnitt01.jpg\" data-rel=\"lightbox\" class=\"gallery-link\"><div class=\"kt-intrinsic\" style=\"padding-bottom:100%;\" itemprop=\"image\" itemscope itemtype=\"http:\/\/schema.org\/ImageObject\"><img loading=\"lazy\" decoding=\"async\" src=\"http:\/\/schlossparkschule-marksuhl.de\/bilder\/Weidenschnitt01-400x400.jpg\" width=\"400\" height=\"400\" alt=\"\" srcset=\"http:\/\/schlossparkschule-marksuhl.de\/bilder\/Weidenschnitt01-400x400.jpg 400w, http:\/\/schlossparkschule-marksuhl.de\/bilder\/Weidenschnitt01-150x150.jpg 150w, http:\/\/schlossparkschule-marksuhl.de\/bilder\/Weidenschnitt01-450x450.jpg 450w, http:\/\/schlossparkschule-marksuhl.de\/bilder\/Weidenschnitt01-250x250.jpg 250w, http:\/\/schlossparkschule-marksuhl.de\/bilder\/Weidenschnitt01-144x144.jpg 144w, http:\/\/schlossparkschule-marksuhl.de\/bilder\/Weidenschnitt01-480x480.jpg 480w, http:\/\/schlossparkschule-marksuhl.de\/bilder\/Weidenschnitt01.jpg 600w\" sizes=\"auto, (max-width: 400px) 100vw, 400px\" class=\"kt-gallery-img\" itemprop=\"contentUrl\" \/><meta itemprop=\"url\" content=\"http:\/\/schlossparkschule-marksuhl.de\/bilder\/Weidenschnitt01-400x400.jpg\"><meta itemprop=\"width\" content=\"400\"><meta itemprop=\"height\" content=\"400>\"><\/div><\/a><\/div><\/div><div class=\"col-xxl-25 col-xl-3 col-lg-4 col-md-4 col-sm-4 col-xs-6 col-ss-12 g_item\"><div class=\"grid_item gallery_item\"><a href=\"http:\/\/schlossparkschule-marksuhl.de\/bilder\/Weidenschnitt02.jpg\" data-rel=\"lightbox\" class=\"gallery-link\"><div class=\"kt-intrinsic\" style=\"padding-bottom:100%;\" itemprop=\"image\" itemscope itemtype=\"http:\/\/schema.org\/ImageObject\"><img loading=\"lazy\" decoding=\"async\" src=\"http:\/\/schlossparkschule-marksuhl.de\/bilder\/Weidenschnitt02-400x400.jpg\" width=\"400\" height=\"400\" alt=\"\" srcset=\"http:\/\/schlossparkschule-marksuhl.de\/bilder\/Weidenschnitt02-400x400.jpg 400w, http:\/\/schlossparkschule-marksuhl.de\/bilder\/Weidenschnitt02-150x150.jpg 150w, http:\/\/schlossparkschule-marksuhl.de\/bilder\/Weidenschnitt02-450x450.jpg 450w, http:\/\/schlossparkschule-marksuhl.de\/bilder\/Weidenschnitt02-250x250.jpg 250w, http:\/\/schlossparkschule-marksuhl.de\/bilder\/Weidenschnitt02-144x144.jpg 144w, http:\/\/schlossparkschule-marksuhl.de\/bilder\/Weidenschnitt02.jpg 600w\" sizes=\"auto, (max-width: 400px) 100vw, 400px\" class=\"kt-gallery-img\" itemprop=\"contentUrl\" \/><meta itemprop=\"url\" content=\"http:\/\/schlossparkschule-marksuhl.de\/bilder\/Weidenschnitt02-400x400.jpg\"><meta itemprop=\"width\" content=\"400\"><meta itemprop=\"height\" content=\"400>\"><\/div><\/a><\/div><\/div><\/div>\n<div class=\"page\" title=\"Page 8\">\n<div class=\"section\">\n<div class=\"layoutArea\">\n<div class=\"column\">\n<p>Kopfweiden bieten zahlreichen, z. T. seltenen und gef\u00e4hrdeten Tier- und Pflanzenarten einen unersetzbaren Lebensraum. Gleichzeitig sind sie aber auch Lieferant f\u00fcr das Flechtmaterial der Korbflechter. So konnten wir am Montag viele Weidenruten ernten, welche in kleinen Flechtarbeiten zum Tag der offenen T\u00fcr zum Einsatz kommen sollen. Danke den fleissigen Helfern!<\/p>\n<p>Das Thema &#8222;Kopfweiden&#8220; w\u00e4re \u00fcbrigens ein sch\u00f6nes Projektthema, welches Herr Fibich gerne betreuen w\u00fcrde!<\/p>\n<\/div>\n<\/div>\n<\/div>\n<\/div>\n","protected":false},"excerpt":{"rendered":"<p>Kopfweidenfriseure waren am Montag (23.M\u00e4rz) wieder in Marksuhl unterwegs. Felix, Yannik, Kristof und Benjamin schnitten gemeinsam mit Herrn Fibich die Korbweiden in Marksuhl. Wie schon in den vergangenen Jahren sorgten sie mit dieser Aktion daf\u00fcr, dass die Korbweiden als wertvolle &hellip; <a class=\"kt-excerpt-readmore more-link\" href=\"http:\/\/schlossparkschule-marksuhl.de\/?p=9154\">Read More<\/a><\/p>\n","protected":false},"author":1,"featured_media":9156,"comment_status":"closed","ping_status":"closed","sticky":false,"template":"","format":"standard","meta":{"_jetpack_memberships_contains_paid_content":false,"footnotes":""},"categories":[11,15],"tags":[],"class_list":["post-9154","post","type-post","status-publish","format-standard","has-post-thumbnail","hentry","category-projekte","category-umweltschule"],"jetpack_featured_media_url":"http:\/\/schlossparkschule-marksuhl.de\/bilder\/Weidenschnitt01.jpg","jetpack_sharing_enabled":true,"_links":{"self":[{"href":"http:\/\/schlossparkschule-marksuhl.de\/index.php?rest_route=\/wp\/v2\/posts\/9154","targetHints":{"allow":["GET"]}}],"collection":[{"href":"http:\/\/schlossparkschule-marksuhl.de\/index.php?rest_route=\/wp\/v2\/posts"}],"about":[{"href":"http:\/\/schlossparkschule-marksuhl.de\/index.php?rest_route=\/wp\/v2\/types\/post"}],"author":[{"embeddable":true,"href":"http:\/\/schlossparkschule-marksuhl.de\/index.php?rest_route=\/wp\/v2\/users\/1"}],"replies":[{"embeddable":true,"href":"http:\/\/schlossparkschule-marksuhl.de\/index.php?rest_route=%2Fwp%2Fv2%2Fcomments&post=9154"}],"version-history":[{"count":0,"href":"http:\/\/schlossparkschule-marksuhl.de\/index.php?rest_route=\/wp\/v2\/posts\/9154\/revisions"}],"wp:featuredmedia":[{"embeddable":true,"href":"http:\/\/schlossparkschule-marksuhl.de\/index.php?rest_route=\/wp\/v2\/media\/9156"}],"wp:attachment":[{"href":"http:\/\/schlossparkschule-marksuhl.de\/index.php?rest_route=%2Fwp%2Fv2%2Fmedia&parent=9154"}],"wp:term":[{"taxonomy":"category","embeddable":true,"href":"http:\/\/schlossparkschule-marksuhl.de\/index.php?rest_route=%2Fwp%2Fv2%2Fcategories&post=9154"},{"taxonomy":"post_tag","embeddable":true,"href":"http:\/\/schlossparkschule-marksuhl.de\/index.php?rest_route=%2Fwp%2Fv2%2Ftags&post=9154"}],"curies":[{"name":"wp","href":"https:\/\/api.w.org\/{rel}","templated":true}]}}