{"id":9316,"date":"2015-04-24T06:02:06","date_gmt":"2015-04-24T05:02:06","guid":{"rendered":"http:\/\/www.schlossparkschule-marksuhl.de\/?p=9316"},"modified":"2015-04-24T06:05:07","modified_gmt":"2015-04-24T05:05:07","slug":"der-tag-der-offenen-tuer-naht","status":"publish","type":"post","link":"http:\/\/schlossparkschule-marksuhl.de\/?p=9316","title":{"rendered":"Der \u201eTag der offenen T\u00fcr\u201c naht\u2026"},"content":{"rendered":"<p>\u2026die Sch\u00fcler der beiden 7. Klassen bereiten sich intensiv auf den Nachmittag am kommenden Mittwoch, 29.04.2015, 16.00 Uhr bis 19.00 Uhr, vor.<\/p>\n<p><img loading=\"lazy\" decoding=\"async\" class=\"alignnone wp-image-9311 size-thumbnail\" src=\"http:\/\/www.schlossparkschule-marksuhl.de\/bilder\/2015-04-23-20.58.37-84x150.jpg\" alt=\"2015-04-23 20.58.37\" width=\"84\" height=\"150\" srcset=\"http:\/\/schlossparkschule-marksuhl.de\/bilder\/2015-04-23-20.58.37-84x150.jpg 84w, http:\/\/schlossparkschule-marksuhl.de\/bilder\/2015-04-23-20.58.37-253x450.jpg 253w, http:\/\/schlossparkschule-marksuhl.de\/bilder\/2015-04-23-20.58.37-250x444.jpg 250w, http:\/\/schlossparkschule-marksuhl.de\/bilder\/2015-04-23-20.58.37.jpg 450w\" sizes=\"auto, (max-width: 84px) 100vw, 84px\" \/>\u00a0<img loading=\"lazy\" decoding=\"async\" class=\" size-thumbnail wp-image-9310 alignnone\" src=\"http:\/\/www.schlossparkschule-marksuhl.de\/bilder\/2015-04-23-20.58.34-84x150.jpg\" alt=\"2015-04-23 20.58.34\" width=\"84\" height=\"150\" srcset=\"http:\/\/schlossparkschule-marksuhl.de\/bilder\/2015-04-23-20.58.34-84x150.jpg 84w, http:\/\/schlossparkschule-marksuhl.de\/bilder\/2015-04-23-20.58.34-253x450.jpg 253w, http:\/\/schlossparkschule-marksuhl.de\/bilder\/2015-04-23-20.58.34-250x444.jpg 250w, http:\/\/schlossparkschule-marksuhl.de\/bilder\/2015-04-23-20.58.34.jpg 450w\" sizes=\"auto, (max-width: 84px) 100vw, 84px\" \/><\/p>\n<p>Es sind viele B\u00fccher f\u00fcr den B\u00fccherbasar abgegeben worden. Die Sch\u00fcler hoffen, dass m\u00f6glichst viele G\u00e4ste kommen, um ein Exemplar zu erwerben. Das Geld soll ja f\u00fcr einen guten Zweck gespendet werden. Hierbei gibt es noch keine endg\u00fcltige Einigung. Aber am Montag wissen wir mehr.<\/p>\n<p><img loading=\"lazy\" decoding=\"async\" class=\"alignnone wp-image-9312 size-thumbnail\" src=\"http:\/\/www.schlossparkschule-marksuhl.de\/bilder\/2015-04-23-20.58.25-150x84.jpg\" alt=\"2015-04-23 20.58.25\" width=\"150\" height=\"84\" srcset=\"http:\/\/schlossparkschule-marksuhl.de\/bilder\/2015-04-23-20.58.25-150x84.jpg 150w, http:\/\/schlossparkschule-marksuhl.de\/bilder\/2015-04-23-20.58.25-600x338.jpg 600w, http:\/\/schlossparkschule-marksuhl.de\/bilder\/2015-04-23-20.58.25-250x141.jpg 250w, http:\/\/schlossparkschule-marksuhl.de\/bilder\/2015-04-23-20.58.25-480x270.jpg 480w, http:\/\/schlossparkschule-marksuhl.de\/bilder\/2015-04-23-20.58.25-420x236.jpg 420w, http:\/\/schlossparkschule-marksuhl.de\/bilder\/2015-04-23-20.58.25.jpg 800w\" sizes=\"auto, (max-width: 150px) 100vw, 150px\" \/>\u00a0<img loading=\"lazy\" decoding=\"async\" class=\"alignnone wp-image-9309 size-thumbnail\" src=\"http:\/\/www.schlossparkschule-marksuhl.de\/bilder\/2015-04-23-20.58.31-150x84.jpg\" alt=\"2015-04-23 20.58.31\" width=\"150\" height=\"84\" srcset=\"http:\/\/schlossparkschule-marksuhl.de\/bilder\/2015-04-23-20.58.31-150x84.jpg 150w, http:\/\/schlossparkschule-marksuhl.de\/bilder\/2015-04-23-20.58.31-600x338.jpg 600w, http:\/\/schlossparkschule-marksuhl.de\/bilder\/2015-04-23-20.58.31-250x141.jpg 250w, http:\/\/schlossparkschule-marksuhl.de\/bilder\/2015-04-23-20.58.31-480x270.jpg 480w, http:\/\/schlossparkschule-marksuhl.de\/bilder\/2015-04-23-20.58.31-420x236.jpg 420w, http:\/\/schlossparkschule-marksuhl.de\/bilder\/2015-04-23-20.58.31.jpg 800w\" sizes=\"auto, (max-width: 150px) 100vw, 150px\" \/><\/p>\n<p>Tolle Ideen hatten die M\u00e4dchen und Jungen bei der Gestaltung der Lesekisten. Die \u201eGeheimnisse aus der Lesekiste\u201c werden mit einer Ausstellung und Pr\u00e4sentationen um 17.00 Uhr und um 18.00 Uhr gel\u00fcftet.\u00a0Lassen Sie sich \u00fcberraschen. Es lohnt sich, den Beitr\u00e4gen der jungen Leser zu lauschen.<\/p>\n","protected":false},"excerpt":{"rendered":"<p>\u2026die Sch\u00fcler der beiden 7. Klassen bereiten sich intensiv auf den Nachmittag am kommenden Mittwoch, 29.04.2015, 16.00 Uhr bis 19.00 Uhr, vor. \u00a0 Es sind viele B\u00fccher f\u00fcr den B\u00fccherbasar abgegeben worden. Die Sch\u00fcler hoffen, dass m\u00f6glichst viele G\u00e4ste kommen, &hellip; <a class=\"kt-excerpt-readmore more-link\" href=\"http:\/\/schlossparkschule-marksuhl.de\/?p=9316\">Read More<\/a><\/p>\n","protected":false},"author":1,"featured_media":9309,"comment_status":"open","ping_status":"open","sticky":false,"template":"","format":"standard","meta":{"_jetpack_memberships_contains_paid_content":false,"footnotes":""},"categories":[6,3],"tags":[],"class_list":["post-9316","post","type-post","status-publish","format-standard","has-post-thumbnail","hentry","category-facher","category-schulleitung"],"jetpack_featured_media_url":"http:\/\/schlossparkschule-marksuhl.de\/bilder\/2015-04-23-20.58.31.jpg","jetpack_sharing_enabled":true,"_links":{"self":[{"href":"http:\/\/schlossparkschule-marksuhl.de\/index.php?rest_route=\/wp\/v2\/posts\/9316","targetHints":{"allow":["GET"]}}],"collection":[{"href":"http:\/\/schlossparkschule-marksuhl.de\/index.php?rest_route=\/wp\/v2\/posts"}],"about":[{"href":"http:\/\/schlossparkschule-marksuhl.de\/index.php?rest_route=\/wp\/v2\/types\/post"}],"author":[{"embeddable":true,"href":"http:\/\/schlossparkschule-marksuhl.de\/index.php?rest_route=\/wp\/v2\/users\/1"}],"replies":[{"embeddable":true,"href":"http:\/\/schlossparkschule-marksuhl.de\/index.php?rest_route=%2Fwp%2Fv2%2Fcomments&post=9316"}],"version-history":[{"count":0,"href":"http:\/\/schlossparkschule-marksuhl.de\/index.php?rest_route=\/wp\/v2\/posts\/9316\/revisions"}],"wp:featuredmedia":[{"embeddable":true,"href":"http:\/\/schlossparkschule-marksuhl.de\/index.php?rest_route=\/wp\/v2\/media\/9309"}],"wp:attachment":[{"href":"http:\/\/schlossparkschule-marksuhl.de\/index.php?rest_route=%2Fwp%2Fv2%2Fmedia&parent=9316"}],"wp:term":[{"taxonomy":"category","embeddable":true,"href":"http:\/\/schlossparkschule-marksuhl.de\/index.php?rest_route=%2Fwp%2Fv2%2Fcategories&post=9316"},{"taxonomy":"post_tag","embeddable":true,"href":"http:\/\/schlossparkschule-marksuhl.de\/index.php?rest_route=%2Fwp%2Fv2%2Ftags&post=9316"}],"curies":[{"name":"wp","href":"https:\/\/api.w.org\/{rel}","templated":true}]}}